{"id":28270,"date":"2021-06-07T22:32:29","date_gmt":"2021-06-08T03:32:29","guid":{"rendered":"http:\/\/www.zonaroja.com.mx\/?p=28270"},"modified":"2021-06-07T22:32:34","modified_gmt":"2021-06-08T03:32:34","slug":"suman-730-vacunados-contra-covid-que-han-presentado-reacciones-16-graves","status":"publish","type":"post","link":"https:\/\/zonaroja.com.mx\/?p=28270","title":{"rendered":"Suman 730 vacunados contra Covid que han presentado reacciones; 16 graves"},"content":{"rendered":"\n<p>Redacci\u00f3n\/Zona Roja.<\/p>\n\n\n\n<p>Oaxaca de Ju\u00e1rez, Oax. 07 de junio de 2021.- Del 5 al 7 de junio, Oaxaca registr\u00f3 70 nuevos casos por Covid-19, con lo que este lunes el n\u00famero de acumulados lleg\u00f3 a 47 mil 457, en tanto, 154 son casos activos; de esta \u00faltima cifra, el 47% se ubica en Valles Centrales, seg\u00fan informaci\u00f3n de los Servicios de Salud de Oaxaca (SSO).<\/p>\n\n\n\n<p>Mientras que el n\u00famero de muertes por la enfermedad derivada del virus SARS-CoV-2 en el territorio estatal, ascendi\u00f3 a tres mil 780 personas; del total, mil 333 eran mujeres y dos mil 447 hombres.<\/p>\n\n\n\n<p>Por otra parte, 43 mil 523 pacientes ya se han recuperado del padecimiento, tras cumplir 14 d\u00edas de confinamiento, es decir, el 91.7% del total de contagios acumulados, indic\u00f3 la dependencia en un comunicado.<\/p>\n\n\n\n<p>Adem\u00e1s, agreg\u00f3 que de acuerdo con las estad\u00edsticas, hay un total de 79 mil 837 personas que han presentado s\u00edntomas relacionados a la patolog\u00eda viral, de las cuales, cuatro mil 731 son casos sospechosos y 27 mil 649 negativos.<\/p>\n\n\n\n<p>Por otra parte, dijo que los casos nuevos agregados este lunes, corresponden a 36 municipios, principalmente: San Juan Bautista Tuxtepec con 12 pacientes, Heroica Ciudad de Juchit\u00e1n de Zaragoza con seis, as\u00ed como Oaxaca de Ju\u00e1rez y Tlacolula de Matamoros con cuatro cada uno, el resto tres, dos y un caso.<\/p>\n\n\n\n<figure class=\"wp-block-embed-twitter wp-block-embed is-type-rich is-provider-twitter\"><div class=\"wp-block-embed__wrapper\">\n<div class=\"twitter-tweet\"><blockquote class=\"twitter-tweet\" data-lang=\"es\"><p lang=\"es\" dir=\"ltr\"><a href=\"https:\/\/twitter.com\/hashtag\/%C3%9AltimoMinuto?src=hash&amp;ref_src=twsrc%5Etfw\">#\u00daltimoMinuto<\/a><br>Este lunes, inicio de otras dos semanas en sem\u00e1foro verde, los Servicios de Salud reportaron una defunci\u00f3n por Covid en <a href=\"https:\/\/twitter.com\/hashtag\/Oaxaca?src=hash&amp;ref_src=twsrc%5Etfw\">#Oaxaca<\/a>, con lo que suman tres mil 780 decesos.<br>Tambi\u00e9n, 11 casos positivos, para un acumulado de 47 mil 457 casos confirmados.<a href=\"https:\/\/twitter.com\/hashtag\/Qu%C3%A9dateEnCasa?src=hash&amp;ref_src=twsrc%5Etfw\">#Qu\u00e9dateEnCasa<\/a> <a href=\"https:\/\/t.co\/c6u4tJ4pa9\">pic.twitter.com\/c6u4tJ4pa9<\/a><\/p>&mdash; Zona Roja Oaxaca (@Zona_Roja_Oax) <a href=\"https:\/\/twitter.com\/Zona_Roja_Oax\/status\/1402077535303729152?ref_src=twsrc%5Etfw\">8 de junio de 2021<\/a><\/blockquote><\/div>\n<\/div><\/figure>\n\n\n\n<p>Detall\u00f3 que la red hospitalaria para Covid-19, se encuentra de manera general al 15.2% de ocupaci\u00f3n, y durante el fin de semana se reportaron nueve nuevos ingresos, para un total de 75 personas que se encuentran recibiendo atenci\u00f3n especializada.<\/p>\n\n\n\n<p>A la fecha, se notificaron cuatro nosocomios con el 100% de saturaci\u00f3n, por lo que hay 492 camas disponibles para la atenci\u00f3n de la pandemia.<\/p>\n\n\n\n<p>Describi\u00f3 que la Jurisdicci\u00f3n Sanitaria de Valles Centrales contabiliz\u00f3 32 mil 165 confirmados y mil 899 defunciones; Istmo cuatro mil 147 y 678 fallecimientos; Tuxtepec dos mil 943 y 354 muertes; Costa dos mil 463 y 271 v\u00edctimas; Mixteca cuatro mil 23 y 362 decesos; y la Sierra mil 716 y 216 defunciones.<\/p>\n\n\n\n<p>Precis\u00f3 que al corte del 5 de junio, se notific\u00f3 un global de 629 casos de Eventos Supuestamente Atribuibles a la Vacunaci\u00f3n o Inmunizaci\u00f3n (ESAVI), de la vacuna Pfizer-BioNTech, de los cuales nueve fueron graves.<\/p>\n\n\n\n<p>Respecto a la farmac\u00e9utica AztraZeneca, se tiene la cifra de 18 registros acumulados de ESAVI; de esta cifra, una persona present\u00f3 s\u00edntomas en etapa grave; de la vacuna Sinovac se documentaron 28, dos de ellos graves, as\u00ed tambi\u00e9n se tiene un acumulado de 55 casos del inmunol\u00f3gico CanSino Biologics, del total cuatro fueron graves.<\/p>\n\n\n\n<p>Insisti\u00f3 que es indispensable la colaboraci\u00f3n de la sociedad en la adopci\u00f3n estricta de las medidas de higiene; al salir de casa siempre usar cubrebocas, evitar tocarlo mientras se usa, no compartirlo, adem\u00e1s de lavarse las manos con agua y jab\u00f3n, y respetar la sana distancia.<\/p>\n","protected":false},"excerpt":{"rendered":"<p>Redacci\u00f3n\/Zona Roja. Oaxaca de Ju\u00e1rez, Oax. 07 de junio de 2021.- Del 5 al 7&hellip;<\/p>\n","protected":false},"author":2,"featured_media":28271,"comment_status":"closed","ping_status":"open","sticky":false,"template":"","format":"standard","meta":{"_lmt_disableupdate":"","_lmt_disable":"","_jetpack_memberships_contains_paid_content":false,"footnotes":""},"categories":[109,47],"tags":[1512],"class_list":["post-28270","post","type-post","status-publish","format-standard","has-post-thumbnail","hentry","category-minuto-a-minuto","category-zona-gris","tag-coronavirus-oaxaca"],"jetpack_featured_media_url":"https:\/\/zonaroja.com.mx\/wp-content\/uploads\/2021\/06\/SSO-1.jpeg","jetpack_sharing_enabled":true,"_links":{"self":[{"href":"https:\/\/zonaroja.com.mx\/index.php?rest_route=\/wp\/v2\/posts\/28270","targetHints":{"allow":["GET"]}}],"collection":[{"href":"https:\/\/zonaroja.com.mx\/index.php?rest_route=\/wp\/v2\/posts"}],"about":[{"href":"https:\/\/zonaroja.com.mx\/index.php?rest_route=\/wp\/v2\/types\/post"}],"author":[{"embeddable":true,"href":"https:\/\/zonaroja.com.mx\/index.php?rest_route=\/wp\/v2\/users\/2"}],"replies":[{"embeddable":true,"href":"https:\/\/zonaroja.com.mx\/index.php?rest_route=%2Fwp%2Fv2%2Fcomments&post=28270"}],"version-history":[{"count":1,"href":"https:\/\/zonaroja.com.mx\/index.php?rest_route=\/wp\/v2\/posts\/28270\/revisions"}],"predecessor-version":[{"id":28272,"href":"https:\/\/zonaroja.com.mx\/index.php?rest_route=\/wp\/v2\/posts\/28270\/revisions\/28272"}],"wp:featuredmedia":[{"embeddable":true,"href":"https:\/\/zonaroja.com.mx\/index.php?rest_route=\/wp\/v2\/media\/28271"}],"wp:attachment":[{"href":"https:\/\/zonaroja.com.mx\/index.php?rest_route=%2Fwp%2Fv2%2Fmedia&parent=28270"}],"wp:term":[{"taxonomy":"category","embeddable":true,"href":"https:\/\/zonaroja.com.mx\/index.php?rest_route=%2Fwp%2Fv2%2Fcategories&post=28270"},{"taxonomy":"post_tag","embeddable":true,"href":"https:\/\/zonaroja.com.mx\/index.php?rest_route=%2Fwp%2Fv2%2Ftags&post=28270"}],"curies":[{"name":"wp","href":"https:\/\/api.w.org\/{rel}","templated":true}]}}