{"id":28274,"date":"2021-06-08T07:19:17","date_gmt":"2021-06-08T12:19:17","guid":{"rendered":"http:\/\/www.zonaroja.com.mx\/?p=28274"},"modified":"2021-06-08T07:19:20","modified_gmt":"2021-06-08T12:19:20","slug":"oaxaca-quinto-lugar-nacional-por-fallecimiento-de-migrantes-en-eu","status":"publish","type":"post","link":"https:\/\/zonaroja.com.mx\/?p=28274","title":{"rendered":"Oaxaca, quinto lugar nacional&#8230; por fallecimiento de migrantes en EU"},"content":{"rendered":"\n<p>Redacci\u00f3n\/Zona Roja.<\/p>\n\n\n\n<p>Oaxaca de Ju\u00e1rez, Oax., 8 de junio de 2021.- Oaxaca volvi\u00f3 a destacar a nivel nacional, pero por el n\u00famero de migrantes fallecidos en los Estados Unidos de Norteam\u00e9rica.<\/p>\n\n\n\n<p>De acuerdo con el Instituto Oaxaque\u00f1o de Atenci\u00f3n al Migrante (IOAM), con base en la informaci\u00f3n brindada por la Secretar\u00eda de Gobernaci\u00f3n del Gobierno de M\u00e9xico, al corte del 28 de mayo del 2021, se tiene contabilizados un total de 420 oaxaque\u00f1os que perdieron la vida por Covid-19 en los Estados Unidos.<\/p>\n\n\n\n<p>Oaxaca ocupa el quinto lugar en decesos, tan solo por debajo de Guerrero con 436, Michoac\u00e1n con 470, Jalisco con 479 y Puebla el de mayor afectaci\u00f3n con 784.<\/p>\n\n\n\n<p>En un comunicado, la directora general del IOAM, Aida Ruiz Garc\u00eda, coment\u00f3 que por indicaciones del gobernador Alejandro Murat Hinojosa, el Instituto brinda el acompa\u00f1amiento y cubre al 100% el traslado de la Ciudad de M\u00e9xico hasta la comunidad de origen.<\/p>\n\n\n\n<p>Se\u00f1al\u00f3 que gracias al trabajo coordinado entre el Gobierno de M\u00e9xico, as\u00ed como el de todos los estados, se ha logrado dar continuidad a la repatriaci\u00f3n de restos mortuorios de las y los migrantes que lamentablemente fallecieron en el extranjero a causa de esta enfermedad.<\/p>\n\n\n\n<p>Destac\u00f3 que se encuentran a la espera de mayores datos por parte de la Secretar\u00eda de Relaciones Exteriores (SRE), para conocer con exactitud la edad, sexo o comunidad de origen.<\/p>\n\n\n\n<p>Puntualiz\u00f3 que, en lo que va de este 2021, el IOAM ha hecho la gesti\u00f3n y repatriaci\u00f3n de 249 restos mortuorios a su comunidad de origen: 194 hombres y 55 mujeres; 28 han sido de la Costa, 15 pertenecientes a la regi\u00f3n del Istmo, 84 Mixteca, 11 Cuenca, cuatro Sierra Norte, 30 Sierra Sur y 77 de los Valles Centrales.<\/p>\n\n\n\n<p>Asimismo, 100 han sido por muerte natural, 23 accidental, 14 por muerte violenta, 8 por muerte en el intento de cruzar, 29 se investigan y 75 por Covid-19.<\/p>\n\n\n\n<p>En este sentido, la funcionaria hizo un llamado a las y los oaxaque\u00f1os para aplicar de manera responsable los protocolos migratorios y sanitarios establecidos, y con ello, evitar riesgos sanitarios derivados de la pandemia por Covid-19.<\/p>\n\n\n\n<p>Adem\u00e1s, exhort\u00f3 a la ciudadan\u00eda evitar migrar en estos momentos y poner en peligro su vida, o de cualquiera que busque el cruce al vecino pa\u00eds, por lo cual, pidi\u00f3 no dejarse enga\u00f1ar por \u201ccoyotes\u201d o \u201cpolleros\u201d, toda vez que no existen condiciones apropiadas para viajar en estos tiempos hacia la frontera.<\/p>\n\n\n\n<p>Finalmente, comparti\u00f3 los correos: ioam.juridico.2004@gmail.com o el n\u00famero telef\u00f3nico 9511210328 para cualquier asesor\u00eda jur\u00eddica, as\u00ed como el de ioam.traslados20@gmail.com para el servicio de traslado de restos mortuorios, o bien el n\u00famero telef\u00f3nico 951 557 05 40 para la atenci\u00f3n que se solicite.<\/p>\n","protected":false},"excerpt":{"rendered":"<p>Redacci\u00f3n\/Zona Roja. Oaxaca de Ju\u00e1rez, Oax., 8 de junio de 2021.- Oaxaca volvi\u00f3 a destacar&hellip;<\/p>\n","protected":false},"author":2,"featured_media":14995,"comment_status":"closed","ping_status":"open","sticky":false,"template":"","format":"standard","meta":{"_lmt_disableupdate":"","_lmt_disable":"","_jetpack_memberships_contains_paid_content":false,"footnotes":""},"categories":[109,47],"tags":[1228],"class_list":["post-28274","post","type-post","status-publish","format-standard","has-post-thumbnail","hentry","category-minuto-a-minuto","category-zona-gris","tag-instituto-oaxaqueno-de-atencion-al-migrante"],"jetpack_featured_media_url":"https:\/\/zonaroja.com.mx\/wp-content\/uploads\/2020\/07\/Migrantes-IOAM.png","jetpack_sharing_enabled":true,"_links":{"self":[{"href":"https:\/\/zonaroja.com.mx\/index.php?rest_route=\/wp\/v2\/posts\/28274","targetHints":{"allow":["GET"]}}],"collection":[{"href":"https:\/\/zonaroja.com.mx\/index.php?rest_route=\/wp\/v2\/posts"}],"about":[{"href":"https:\/\/zonaroja.com.mx\/index.php?rest_route=\/wp\/v2\/types\/post"}],"author":[{"embeddable":true,"href":"https:\/\/zonaroja.com.mx\/index.php?rest_route=\/wp\/v2\/users\/2"}],"replies":[{"embeddable":true,"href":"https:\/\/zonaroja.com.mx\/index.php?rest_route=%2Fwp%2Fv2%2Fcomments&post=28274"}],"version-history":[{"count":1,"href":"https:\/\/zonaroja.com.mx\/index.php?rest_route=\/wp\/v2\/posts\/28274\/revisions"}],"predecessor-version":[{"id":28275,"href":"https:\/\/zonaroja.com.mx\/index.php?rest_route=\/wp\/v2\/posts\/28274\/revisions\/28275"}],"wp:featuredmedia":[{"embeddable":true,"href":"https:\/\/zonaroja.com.mx\/index.php?rest_route=\/wp\/v2\/media\/14995"}],"wp:attachment":[{"href":"https:\/\/zonaroja.com.mx\/index.php?rest_route=%2Fwp%2Fv2%2Fmedia&parent=28274"}],"wp:term":[{"taxonomy":"category","embeddable":true,"href":"https:\/\/zonaroja.com.mx\/index.php?rest_route=%2Fwp%2Fv2%2Fcategories&post=28274"},{"taxonomy":"post_tag","embeddable":true,"href":"https:\/\/zonaroja.com.mx\/index.php?rest_route=%2Fwp%2Fv2%2Ftags&post=28274"}],"curies":[{"name":"wp","href":"https:\/\/api.w.org\/{rel}","templated":true}]}}