{"id":28276,"date":"2021-06-08T07:35:54","date_gmt":"2021-06-08T12:35:54","guid":{"rendered":"http:\/\/www.zonaroja.com.mx\/?p=28276"},"modified":"2021-06-08T08:03:05","modified_gmt":"2021-06-08T13:03:05","slug":"descalabro-arrebatan-media-ciudad-de-mexico","status":"publish","type":"post","link":"https:\/\/zonaroja.com.mx\/?p=28276","title":{"rendered":"Descalabro: arrebatan a Morena media Ciudad de M\u00e9xico"},"content":{"rendered":"\n<p>Redacci\u00f3n\/Zona Roja Cdmx.<\/p>\n\n\n\n<p>Ciudad de M\u00e9xico, 8 de junio de 2021.- El Partido Morena tuvo su peor descalabro en la ciudad de M\u00e9xico: la oposici\u00f3n le arrebat\u00f3 seis alcald\u00edas.<\/p>\n\n\n\n<p>De acuerdo con el Programa de Resultados Electorales Preliminares, Morena y el Partido del Trabajo ganaron siete de las 16 Alcald\u00edas.<\/p>\n\n\n\n<p>La alianza de partidos opositores gobernar\u00e1 a 4.3 millones de habitantes en demarcaciones; el partido en el poder gobernar\u00e1 a 4.8 millones.<\/p>\n\n\n\n<p>En tanto, el Congreso capitalino, el escenario menos desfavorable le daba a Morena 32 esca\u00f1os y uno al PVEM, mientras que PAN, PRI y PRD sumar\u00edan 32 y Movimiento Ciudadano se quedar\u00eda con 1. Es decir, no habr\u00eda mayor\u00eda absoluta para ninguno de los dos bloques.<\/p>\n\n\n\n<p>Sin embargo, la posibilidad de que este \u00faltimo partido y el PES pudieran perder su registro a nivel local, obligar\u00eda a reajustar la distribuci\u00f3n. Un panorama muy diferente al actual, en el que Morena, sus aliados y quienes no tienen partido alcanzan hasta 46 votos, lo que conforma no s\u00f3lo la mayor\u00eda absoluta, sino la calificada.<\/p>\n\n\n\n<p>Por separado, tanto el Presidente Andr\u00e9s Manuel L\u00f3pez Obrador como la Jefa de Gobierno, Claudia Sheinbaum, culparon a los medios de comunicaci\u00f3n por la \u201ccampa\u00f1a de denostaci\u00f3n\u201d contra la autoridad capitalina.<\/p>\n\n\n\n<p>Uno de los recientes hechos m\u00e1s criticados fue la tragedia en el Metro, en la l\u00ednea 12, que dej\u00f3 como saldo al menos 26 personas y a\u00fan no hay culpables ni se han concluido los peritajes.<\/p>\n","protected":false},"excerpt":{"rendered":"<p>Redacci\u00f3n\/Zona Roja Cdmx. Ciudad de M\u00e9xico, 8 de junio de 2021.- El Partido Morena tuvo&hellip;<\/p>\n","protected":false},"author":2,"featured_media":28277,"comment_status":"closed","ping_status":"open","sticky":false,"template":"","format":"standard","meta":{"_lmt_disableupdate":"","_lmt_disable":"","_jetpack_memberships_contains_paid_content":false,"footnotes":""},"categories":[109,47],"tags":[2425],"class_list":["post-28276","post","type-post","status-publish","format-standard","has-post-thumbnail","hentry","category-minuto-a-minuto","category-zona-gris","tag-elecciones-mexico-2021"],"jetpack_featured_media_url":"https:\/\/zonaroja.com.mx\/wp-content\/uploads\/2021\/06\/Elecciones-Cdmx.jpg","jetpack_sharing_enabled":true,"_links":{"self":[{"href":"https:\/\/zonaroja.com.mx\/index.php?rest_route=\/wp\/v2\/posts\/28276","targetHints":{"allow":["GET"]}}],"collection":[{"href":"https:\/\/zonaroja.com.mx\/index.php?rest_route=\/wp\/v2\/posts"}],"about":[{"href":"https:\/\/zonaroja.com.mx\/index.php?rest_route=\/wp\/v2\/types\/post"}],"author":[{"embeddable":true,"href":"https:\/\/zonaroja.com.mx\/index.php?rest_route=\/wp\/v2\/users\/2"}],"replies":[{"embeddable":true,"href":"https:\/\/zonaroja.com.mx\/index.php?rest_route=%2Fwp%2Fv2%2Fcomments&post=28276"}],"version-history":[{"count":2,"href":"https:\/\/zonaroja.com.mx\/index.php?rest_route=\/wp\/v2\/posts\/28276\/revisions"}],"predecessor-version":[{"id":28279,"href":"https:\/\/zonaroja.com.mx\/index.php?rest_route=\/wp\/v2\/posts\/28276\/revisions\/28279"}],"wp:featuredmedia":[{"embeddable":true,"href":"https:\/\/zonaroja.com.mx\/index.php?rest_route=\/wp\/v2\/media\/28277"}],"wp:attachment":[{"href":"https:\/\/zonaroja.com.mx\/index.php?rest_route=%2Fwp%2Fv2%2Fmedia&parent=28276"}],"wp:term":[{"taxonomy":"category","embeddable":true,"href":"https:\/\/zonaroja.com.mx\/index.php?rest_route=%2Fwp%2Fv2%2Fcategories&post=28276"},{"taxonomy":"post_tag","embeddable":true,"href":"https:\/\/zonaroja.com.mx\/index.php?rest_route=%2Fwp%2Fv2%2Ftags&post=28276"}],"curies":[{"name":"wp","href":"https:\/\/api.w.org\/{rel}","templated":true}]}}