{"id":28280,"date":"2021-06-08T08:15:41","date_gmt":"2021-06-08T13:15:41","guid":{"rendered":"http:\/\/www.zonaroja.com.mx\/?p=28280"},"modified":"2021-06-08T09:25:43","modified_gmt":"2021-06-08T14:25:43","slug":"ataques-armados-en-salina-cruz-un-herido-y-un-ejecutado","status":"publish","type":"post","link":"https:\/\/zonaroja.com.mx\/?p=28280","title":{"rendered":"Ataques armados en Salina Cruz: un herido y un ejecutado"},"content":{"rendered":"\n<p>Redacci\u00f3n\/Zona Roja.<\/p>\n\n\n\n<p>Oaxaca de Ju\u00e1rez, Oax., 8 de junio de 2021.- Una persona lesionada y una fallecida es el resultado de dos ataques armados ocurridos en las \u00faltimas 12 horas en Salina Cruz, Oaxaca.<\/p>\n\n\n\n<p>La madrugada de hoy, sobre la avenida Oleoducto de la colonia Hidalgo Oriente, fue hallada una camioneta en que fue localizado el cuerpo de un individuo, con disparos de arma de fuego.<\/p>\n\n\n\n<p>La v\u00edctima fue identificada de manera preliminar como Marino Garza, de 25 a\u00f1os de edad, con domicilio en la colonia Deportiva; a\u00fan se desconoce el m\u00f3vil del crimen; personal de la Vicefiscal\u00eda Regional del Istmo inici\u00f3 las indagatorias correspondientes.<\/p>\n\n\n\n<p>Por otra parte, ayer lunes afuera de un local comercial, un individuo fue atacado a balazos, en avenida del Trabajo el barrio Espinal, tambi\u00e9n de Salina Cruz.<\/p>\n\n\n\n<p>El var\u00f3n presentaba lesiones en ambas piernas y sangrado en la boca, por lo que fue trasladado de inmediato a un hospital de la zona.<\/p>\n","protected":false},"excerpt":{"rendered":"<p>Redacci\u00f3n\/Zona Roja. Oaxaca de Ju\u00e1rez, Oax., 8 de junio de 2021.- Una persona lesionada y&hellip;<\/p>\n","protected":false},"author":2,"featured_media":28281,"comment_status":"closed","ping_status":"open","sticky":false,"template":"","format":"standard","meta":{"_lmt_disableupdate":"","_lmt_disable":"","_jetpack_memberships_contains_paid_content":false,"footnotes":""},"categories":[109,51],"tags":[168],"class_list":["post-28280","post","type-post","status-publish","format-standard","has-post-thumbnail","hentry","category-minuto-a-minuto","category-zona-roja","tag-salina-cruz"],"jetpack_featured_media_url":"https:\/\/zonaroja.com.mx\/wp-content\/uploads\/2021\/06\/Ejecutado-Salina-Cruz.png","jetpack_sharing_enabled":true,"_links":{"self":[{"href":"https:\/\/zonaroja.com.mx\/index.php?rest_route=\/wp\/v2\/posts\/28280","targetHints":{"allow":["GET"]}}],"collection":[{"href":"https:\/\/zonaroja.com.mx\/index.php?rest_route=\/wp\/v2\/posts"}],"about":[{"href":"https:\/\/zonaroja.com.mx\/index.php?rest_route=\/wp\/v2\/types\/post"}],"author":[{"embeddable":true,"href":"https:\/\/zonaroja.com.mx\/index.php?rest_route=\/wp\/v2\/users\/2"}],"replies":[{"embeddable":true,"href":"https:\/\/zonaroja.com.mx\/index.php?rest_route=%2Fwp%2Fv2%2Fcomments&post=28280"}],"version-history":[{"count":3,"href":"https:\/\/zonaroja.com.mx\/index.php?rest_route=\/wp\/v2\/posts\/28280\/revisions"}],"predecessor-version":[{"id":28284,"href":"https:\/\/zonaroja.com.mx\/index.php?rest_route=\/wp\/v2\/posts\/28280\/revisions\/28284"}],"wp:featuredmedia":[{"embeddable":true,"href":"https:\/\/zonaroja.com.mx\/index.php?rest_route=\/wp\/v2\/media\/28281"}],"wp:attachment":[{"href":"https:\/\/zonaroja.com.mx\/index.php?rest_route=%2Fwp%2Fv2%2Fmedia&parent=28280"}],"wp:term":[{"taxonomy":"category","embeddable":true,"href":"https:\/\/zonaroja.com.mx\/index.php?rest_route=%2Fwp%2Fv2%2Fcategories&post=28280"},{"taxonomy":"post_tag","embeddable":true,"href":"https:\/\/zonaroja.com.mx\/index.php?rest_route=%2Fwp%2Fv2%2Ftags&post=28280"}],"curies":[{"name":"wp","href":"https:\/\/api.w.org\/{rel}","templated":true}]}}