{"id":28285,"date":"2021-06-08T09:51:29","date_gmt":"2021-06-08T14:51:29","guid":{"rendered":"http:\/\/www.zonaroja.com.mx\/?p=28285"},"modified":"2021-06-08T09:51:33","modified_gmt":"2021-06-08T14:51:33","slug":"tras-comicios-reanudan-protestas-en-juchitan-personal-de-salud-denuncia-despidos","status":"publish","type":"post","link":"https:\/\/zonaroja.com.mx\/?p=28285","title":{"rendered":"Tras comicios, reanudan protestas; en Juchit\u00e1n, personal de salud denuncia despidos"},"content":{"rendered":"\n<p>Ismael Garc\u00eda M.\/Zona Roja.<\/p>\n\n\n\n<p>Oaxaca de Ju\u00e1rez, Oax., 8 de junio de 2021.- Personal del sector salud contratado por el Instituto de Salud Bienestar (Insabi) en Juchit\u00e1n de Zaragoza, protesta esta ma\u00f1ana al ser despedido del hospital que hab\u00eda sido habilitado para atender a pacientes con Covid-19.<\/p>\n\n\n\n<p>En conferencia de prensa, dijeron que desde el 26 de mayo fueron cerradas las instalaciones, al descender el n\u00famero de casos y pacientes, por lo cual fueron reubicados a otras \u00e1reas e instituciones.<\/p>\n\n\n\n<p>Sin embargo, tras concluir el contrato el pr\u00f3ximo 15 de junio, no tienen certeza laboral, por lo cual piden que se les reconozca como trabajadores y se les d\u00e9 oportunidad para seguir laborando.<\/p>\n\n\n\n<figure class=\"wp-block-embed-twitter wp-block-embed is-type-rich is-provider-twitter\"><div class=\"wp-block-embed__wrapper\">\n<div class=\"twitter-tweet\"><blockquote class=\"twitter-tweet\" data-lang=\"es\"><p lang=\"es\" dir=\"ltr\"><a href=\"https:\/\/twitter.com\/hashtag\/%C3%9AltimoMinuto?src=hash&amp;ref_src=twsrc%5Etfw\">#\u00daltimoMinuto<\/a> <br>reanudan las protestas en Oaxaca; esta ma\u00f1ana trabajadores del sector salud protestan en contra del <a href=\"https:\/\/twitter.com\/INSABI_mx?ref_src=twsrc%5Etfw\">@INSABI_mx<\/a> en la ciudad de Juchit\u00e1n de Zaragoza. <br>Video: Cortes\u00eda <a href=\"https:\/\/t.co\/o4KxU5M0H8\">pic.twitter.com\/o4KxU5M0H8<\/a><\/p>&mdash; Zona Roja Oaxaca (@Zona_Roja_Oax) <a href=\"https:\/\/twitter.com\/Zona_Roja_Oax\/status\/1402271554034192386?ref_src=twsrc%5Etfw\">8 de junio de 2021<\/a><\/blockquote><\/div>\n<\/div><\/figure>\n\n\n\n<p>\u201cQue seamos reconocidos y se nos d\u00e9 un trabajo estable, formal y seguir laborando\u201d, dijo una de las manifestantes.<\/p>\n\n\n\n<p>El primer contrato fue del 1 de abril al 31 de agosto, posteriormente se los ampliaron debido a la persistencia de la pandemia, pero culminan labores el 15 de junio.<\/p>\n\n\n\n<p>\u201cNunca se nos acercaron para decir que el hospital ya iba a ser cerrado, \u00fanicamente fue porque los pacientes fueron trasladados, por rumores; al ser reubicados, ya se cerr\u00f3\u201d, dijo.<\/p>\n\n\n\n<p>Son personal de enfermer\u00eda, m\u00e9dico, afanadores y administrativos, en un n\u00famero aproximado de 35. Insistieron en que se reabra el nosocomio para la atenci\u00f3n de pacientes en general y que sean recontratados.<\/p>\n\n\n\n<p>El hospital Covid fue inaugurado el 15 de junio del a\u00f1o pasado por autoridades estatales y federales.<\/p>\n","protected":false},"excerpt":{"rendered":"<p>Ismael Garc\u00eda M.\/Zona Roja. Oaxaca de Ju\u00e1rez, Oax., 8 de junio de 2021.- Personal del&hellip;<\/p>\n","protected":false},"author":2,"featured_media":28286,"comment_status":"closed","ping_status":"open","sticky":false,"template":"","format":"standard","meta":{"_lmt_disableupdate":"","_lmt_disable":"","_jetpack_memberships_contains_paid_content":false,"footnotes":""},"categories":[109,47],"tags":[123],"class_list":["post-28285","post","type-post","status-publish","format-standard","has-post-thumbnail","hentry","category-minuto-a-minuto","category-zona-gris","tag-juchitan-de-zaragoza"],"jetpack_featured_media_url":"https:\/\/zonaroja.com.mx\/wp-content\/uploads\/2021\/06\/Protesta-medicos-Juchitan.jpg","jetpack_sharing_enabled":true,"_links":{"self":[{"href":"https:\/\/zonaroja.com.mx\/index.php?rest_route=\/wp\/v2\/posts\/28285","targetHints":{"allow":["GET"]}}],"collection":[{"href":"https:\/\/zonaroja.com.mx\/index.php?rest_route=\/wp\/v2\/posts"}],"about":[{"href":"https:\/\/zonaroja.com.mx\/index.php?rest_route=\/wp\/v2\/types\/post"}],"author":[{"embeddable":true,"href":"https:\/\/zonaroja.com.mx\/index.php?rest_route=\/wp\/v2\/users\/2"}],"replies":[{"embeddable":true,"href":"https:\/\/zonaroja.com.mx\/index.php?rest_route=%2Fwp%2Fv2%2Fcomments&post=28285"}],"version-history":[{"count":1,"href":"https:\/\/zonaroja.com.mx\/index.php?rest_route=\/wp\/v2\/posts\/28285\/revisions"}],"predecessor-version":[{"id":28287,"href":"https:\/\/zonaroja.com.mx\/index.php?rest_route=\/wp\/v2\/posts\/28285\/revisions\/28287"}],"wp:featuredmedia":[{"embeddable":true,"href":"https:\/\/zonaroja.com.mx\/index.php?rest_route=\/wp\/v2\/media\/28286"}],"wp:attachment":[{"href":"https:\/\/zonaroja.com.mx\/index.php?rest_route=%2Fwp%2Fv2%2Fmedia&parent=28285"}],"wp:term":[{"taxonomy":"category","embeddable":true,"href":"https:\/\/zonaroja.com.mx\/index.php?rest_route=%2Fwp%2Fv2%2Fcategories&post=28285"},{"taxonomy":"post_tag","embeddable":true,"href":"https:\/\/zonaroja.com.mx\/index.php?rest_route=%2Fwp%2Fv2%2Ftags&post=28285"}],"curies":[{"name":"wp","href":"https:\/\/api.w.org\/{rel}","templated":true}]}}