{"id":28294,"date":"2021-06-08T11:19:58","date_gmt":"2021-06-08T16:19:58","guid":{"rendered":"http:\/\/www.zonaroja.com.mx\/?p=28294"},"modified":"2021-06-08T11:20:04","modified_gmt":"2021-06-08T16:20:04","slug":"presidenta-municipal-morenista-de-san-jacinto-amilpas-despide-a-policia-vial","status":"publish","type":"post","link":"https:\/\/zonaroja.com.mx\/?p=28294","title":{"rendered":"Presidenta municipal morenista de San Jacinto Amilpas despide a polic\u00eda vial"},"content":{"rendered":"\n<p>Evlin Arag\u00f3n\/Zona Roja.<\/p>\n\n\n\n<p>Oaxaca de Ju\u00e1rez, Oax., 8 de junio de 2021.- Jes\u00fas S\u00e1nchez S\u00e1nchez es conocido por cientos de personas en el municipio de San Jacinto Amilpas y zona conurbada.<\/p>\n\n\n\n<p>Desde hace m\u00e1s de diez a\u00f1os se encargaba de agilizar el tr\u00e1nsito vehicular en el crucero del puente de la localidad, lugar sumamente complejo, ya que conecta con la capital de Oaxaca de Ju\u00e1rez.&nbsp;<\/p>\n\n\n\n<p>Sin importar los inclementes rayos del sol, Jes\u00fas ha cumplido con su labor en tiempo y forma desde el 2009.<\/p>\n\n\n\n<p>Aun as\u00ed, no se libr\u00f3 del acoso y hostigamiento laboral de parte del director de Seguridad en el municipio, Jorge Mart\u00ednez Espinoza, quien lo oblig\u00f3 a firmar su baja desde el pasado viernes 4 de junio.&nbsp;<\/p>\n\n\n\n<p>Lo anterior sin recibir ning\u00fan tipo de indemnizaci\u00f3n por parte de la edil, Yolanda S\u00e1nchez Monta\u00f1o, del Partido Morena, a quien durante mucho tiempo estuvo buscando para hacer de su conocimiento su situaci\u00f3n laboral y lo mal que la estaba pasando, sin que fuera recibido.&nbsp;<\/p>\n\n\n\n<p>\u201cYo me voy con los brazos cruzados porque la presidenta no me dio ni un peso por los a\u00f1os trabajados. Pr\u00e1cticamente de una patada me echaron de ah\u00ed. Ella dice que as\u00ed es su estilo, yo respeto. Me voy con la frente en alto, estoy satisfecho con el servicio que le preste a mi pueblo\u201d, manifest\u00f3 a trav\u00e9s de un video que se comparti\u00f3 en las redes sociales.\u00a0<\/p>\n\n\n\n<figure class=\"wp-block-embed-twitter wp-block-embed is-type-rich is-provider-twitter\"><div class=\"wp-block-embed__wrapper\">\n<div class=\"twitter-tweet\"><blockquote class=\"twitter-tweet\" data-lang=\"es\"><p lang=\"es\" dir=\"ltr\">La edil de San Jacinto <a href=\"https:\/\/twitter.com\/hashtag\/Amilpas?src=hash&amp;ref_src=twsrc%5Etfw\">#Amilpas<\/a>, <a href=\"https:\/\/twitter.com\/Yolanda_SanMon?ref_src=twsrc%5Etfw\">@Yolanda_SanMon<\/a>, de Morena, no s\u00f3lo ha violentado los derechos de las mujeres, sino tambi\u00e9n de los trabajadores.<br>El polic\u00eda vial Eduardo S\u00e1nchez S\u00e1nchez, quien laboraba desde el 2009 denuncia que fue despedido sin justificaci\u00f3n ni liquidaci\u00f3n. <a href=\"https:\/\/t.co\/8fyCWztans\">pic.twitter.com\/8fyCWztans<\/a><\/p>&mdash; Zona Roja Oaxaca (@Zona_Roja_Oax) <a href=\"https:\/\/twitter.com\/Zona_Roja_Oax\/status\/1402242944657154050?ref_src=twsrc%5Etfw\">8 de junio de 2021<\/a><\/blockquote><\/div>\n<\/div><\/figure>\n\n\n\n<p>El agente vial detall\u00f3 que, aunque la falta de liquidaci\u00f3n por parte de las autoridades representa una injustica, se va satisfecho porque siempre cumpli\u00f3 con su labor, a\u00fan a pesar de las trabas que se le pusieron, \u00e9l estuvo al pie de ca\u00f1\u00f3n en todo momento.<\/p>\n\n\n\n<p>Explic\u00f3 que, desde hace dos a\u00f1os, el director de seguridad Jorge Mart\u00ednez Espinoza lo ha se\u00f1alado de desobedecer sus \u00f3rdenes, acci\u00f3n que desminti\u00f3 y asegur\u00f3 que \u00e9l nunca recibi\u00f3 indicaciones de la autoridad municipal, con quien dijo nunca tuvo acercamiento.&nbsp;<\/p>\n\n\n\n<p>\u201cYo nunca recib\u00ed una orden del director y no he cometido ninguna falta. Yo no estudi\u00e9 mucho pero s\u00ed se mis derechos y mis obligaciones, soy muy disciplinado\u201d, indic\u00f3.<\/p>\n\n\n\n<p>Por lo anterior solicit\u00f3 una audiencia con la presidenta municipal, Yolanda S\u00e1nchez, a fin de explicarle la situaci\u00f3n, sin embargo, est\u00e1 nunca lo recibi\u00f3 y por el contrario s\u00f3lo escuch\u00f3 la versi\u00f3n de su funcionario y entre ambos, con el hostigamiento previo, le hicieron firmar su baja de la corporaci\u00f3n.&nbsp;<\/p>\n\n\n\n<p>\u201cNo me dieron ning\u00fan apoyo, ning\u00fan retiro. Dicen que aqu\u00ed no hay nada de eso y yo ya me voy as\u00ed\u00bb, dijo.&nbsp;<\/p>\n\n\n\n<p>Pese a su empe\u00f1o, este lunes Jes\u00fas dej\u00f3 el uniforme y el material que estaba a su cargo en manos de la autoridad municipal, quien lejos de preocuparse por su personal de la polic\u00eda municipal y vial, los deja a la deriva.<\/p>\n\n\n\n<p>En tanto, al menos dos despachos de abogados se dijeron dispuestos a defender al uniformado, con la finalidad de que sea indemnizado como corresponde.<\/p>\n","protected":false},"excerpt":{"rendered":"<p>Evlin Arag\u00f3n\/Zona Roja. Oaxaca de Ju\u00e1rez, Oax., 8 de junio de 2021.- Jes\u00fas S\u00e1nchez S\u00e1nchez&hellip;<\/p>\n","protected":false},"author":2,"featured_media":28295,"comment_status":"closed","ping_status":"open","sticky":false,"template":"","format":"standard","meta":{"_lmt_disableupdate":"","_lmt_disable":"","_jetpack_memberships_contains_paid_content":false,"footnotes":""},"categories":[109,47],"tags":[2729],"class_list":["post-28294","post","type-post","status-publish","format-standard","has-post-thumbnail","hentry","category-minuto-a-minuto","category-zona-gris","tag-jesus-sanchez-sanchez"],"jetpack_featured_media_url":"https:\/\/zonaroja.com.mx\/wp-content\/uploads\/2021\/06\/Policia-Vial-San-Jacinto-Amilpas.jpg","jetpack_sharing_enabled":true,"_links":{"self":[{"href":"https:\/\/zonaroja.com.mx\/index.php?rest_route=\/wp\/v2\/posts\/28294","targetHints":{"allow":["GET"]}}],"collection":[{"href":"https:\/\/zonaroja.com.mx\/index.php?rest_route=\/wp\/v2\/posts"}],"about":[{"href":"https:\/\/zonaroja.com.mx\/index.php?rest_route=\/wp\/v2\/types\/post"}],"author":[{"embeddable":true,"href":"https:\/\/zonaroja.com.mx\/index.php?rest_route=\/wp\/v2\/users\/2"}],"replies":[{"embeddable":true,"href":"https:\/\/zonaroja.com.mx\/index.php?rest_route=%2Fwp%2Fv2%2Fcomments&post=28294"}],"version-history":[{"count":1,"href":"https:\/\/zonaroja.com.mx\/index.php?rest_route=\/wp\/v2\/posts\/28294\/revisions"}],"predecessor-version":[{"id":28296,"href":"https:\/\/zonaroja.com.mx\/index.php?rest_route=\/wp\/v2\/posts\/28294\/revisions\/28296"}],"wp:featuredmedia":[{"embeddable":true,"href":"https:\/\/zonaroja.com.mx\/index.php?rest_route=\/wp\/v2\/media\/28295"}],"wp:attachment":[{"href":"https:\/\/zonaroja.com.mx\/index.php?rest_route=%2Fwp%2Fv2%2Fmedia&parent=28294"}],"wp:term":[{"taxonomy":"category","embeddable":true,"href":"https:\/\/zonaroja.com.mx\/index.php?rest_route=%2Fwp%2Fv2%2Fcategories&post=28294"},{"taxonomy":"post_tag","embeddable":true,"href":"https:\/\/zonaroja.com.mx\/index.php?rest_route=%2Fwp%2Fv2%2Ftags&post=28294"}],"curies":[{"name":"wp","href":"https:\/\/api.w.org\/{rel}","templated":true}]}}