{"id":28297,"date":"2021-06-08T16:25:56","date_gmt":"2021-06-08T21:25:56","guid":{"rendered":"http:\/\/www.zonaroja.com.mx\/?p=28297"},"modified":"2021-06-08T16:25:59","modified_gmt":"2021-06-08T21:25:59","slug":"emite-ine-convocatoria-para-renovar-el-ieepco-lo-presidira-una-mujer","status":"publish","type":"post","link":"https:\/\/zonaroja.com.mx\/?p=28297","title":{"rendered":"Emite INE convocatoria para renovar el IEEPCO; lo presidir\u00e1 una mujer"},"content":{"rendered":"\n<p>Evlin Arag\u00f3n\/Zona Roja.<\/p>\n\n\n\n<p>Oaxaca de Ju\u00e1rez, Oax., 8 de junio de 2021.- Por primera vez y tras una queja interpuesta ante Tribunal Electoral del Poder Judicial de la Federaci\u00f3n (TEPJF), el \u00f3rgano electoral en Oaxaca ser\u00e1 presidio por una mujer.<\/p>\n\n\n\n<p>El Instituto Nacional Electoral (INE) emiti\u00f3 hoy la convocatoria para renovar la titularidad del Instituto Estatal Electoral y de Participaci\u00f3n Ciudadana (IEEPCO), dirigida a las ciudadanas interesadas en participar en el proceso de selecci\u00f3n y designaci\u00f3n de la consejera presidenta, quien estar\u00e1 en el cargo por siete a\u00f1os.&nbsp;<\/p>\n\n\n\n<p>El documento establece que las aspirantes interesadas podr\u00e1n registrarse en el portal del INE del 3 al 15 de junio, y tendr\u00e1n hasta el viernes 18, a las 18:0 horas, para presentar la documentaci\u00f3n solicitada.&nbsp;<\/p>\n\n\n\n<p>Dicha convocatoria se dio luego de que la Sala Superior del TEPJF orden\u00f3 al Instituto Nacional Electoral que emitiera una nueva convocatoria para el proceso de selecci\u00f3n y designaci\u00f3n del cargo de consejera presidenta del IEEPCO exclusiva para mujeres.<\/p>\n\n\n\n<p>En su resoluci\u00f3n, el Tribunal evidenci\u00f3 que el INE debi\u00f3 adoptar la alternancia de g\u00e9nero como medida adecuada para alcanzar la paridad, a fin de conseguir la adecuada representaci\u00f3n de las mujeres y dar garant\u00eda a \u00e9stas para que presidan el \u00f3rgano electoral.<\/p>\n\n\n\n<p>Lo anterior, tras el juicio para la protecci\u00f3n de los derechos pol\u00edtico electorales del ciudadano interpuesto por Karla Gabriela Jim\u00e9nez Carrasco, Mar\u00eda Luisa Matus Pineda, Patricia P\u00e9rez S\u00e1nchez y Dagnia Luis Roa.&nbsp;<\/p>\n\n\n\n<p>El TEPJF dej\u00f3 subsistentes los registros en l\u00ednea de las mujeres aspirantes que presentaron sus formatos y documentaci\u00f3n durante el periodo establecido en el acuerdo INE\/CG420\/2021, que inclu\u00eda la participaci\u00f3n mixta.<\/p>\n\n\n\n<p>Que una mujer est\u00e9 al frente del \u00f3rgano electoral representar\u00e1 un hecho hist\u00f3rico en Oaxaca; actualmente hay cuatro consejeras, por lo que el Consejo General del IEEPCO tendr\u00eda, al menos en los primeros a\u00f1os, mayor\u00eda de mujeres.&nbsp;<\/p>\n\n\n\n<p>Fue el 1 de octubre del 2014 que, en medio de inconformidades, Gustavo Meixueiro N\u00e1jera tom\u00f3 protesta como consejero presidente del Organismo P\u00fablico Local Electoral (OPLE), puesto que ha desempe\u00f1ado por siete a\u00f1os, que est\u00e1n a punto de concluir.&nbsp;<\/p>\n","protected":false},"excerpt":{"rendered":"<p>Evlin Arag\u00f3n\/Zona Roja. Oaxaca de Ju\u00e1rez, Oax., 8 de junio de 2021.- Por primera vez&hellip;<\/p>\n","protected":false},"author":2,"featured_media":17563,"comment_status":"closed","ping_status":"open","sticky":false,"template":"","format":"standard","meta":{"_lmt_disableupdate":"","_lmt_disable":"","_jetpack_memberships_contains_paid_content":false,"footnotes":""},"categories":[109,46],"tags":[760],"class_list":["post-28297","post","type-post","status-publish","format-standard","has-post-thumbnail","hentry","category-minuto-a-minuto","category-zona-blanca","tag-instituto-estatal-electoral-y-de-participacion-ciudadana-de-oaxaca"],"jetpack_featured_media_url":"https:\/\/zonaroja.com.mx\/wp-content\/uploads\/2020\/09\/Instituto-Estatal-Electoral-IEEPCO.jpg","jetpack_sharing_enabled":true,"_links":{"self":[{"href":"https:\/\/zonaroja.com.mx\/index.php?rest_route=\/wp\/v2\/posts\/28297","targetHints":{"allow":["GET"]}}],"collection":[{"href":"https:\/\/zonaroja.com.mx\/index.php?rest_route=\/wp\/v2\/posts"}],"about":[{"href":"https:\/\/zonaroja.com.mx\/index.php?rest_route=\/wp\/v2\/types\/post"}],"author":[{"embeddable":true,"href":"https:\/\/zonaroja.com.mx\/index.php?rest_route=\/wp\/v2\/users\/2"}],"replies":[{"embeddable":true,"href":"https:\/\/zonaroja.com.mx\/index.php?rest_route=%2Fwp%2Fv2%2Fcomments&post=28297"}],"version-history":[{"count":1,"href":"https:\/\/zonaroja.com.mx\/index.php?rest_route=\/wp\/v2\/posts\/28297\/revisions"}],"predecessor-version":[{"id":28298,"href":"https:\/\/zonaroja.com.mx\/index.php?rest_route=\/wp\/v2\/posts\/28297\/revisions\/28298"}],"wp:featuredmedia":[{"embeddable":true,"href":"https:\/\/zonaroja.com.mx\/index.php?rest_route=\/wp\/v2\/media\/17563"}],"wp:attachment":[{"href":"https:\/\/zonaroja.com.mx\/index.php?rest_route=%2Fwp%2Fv2%2Fmedia&parent=28297"}],"wp:term":[{"taxonomy":"category","embeddable":true,"href":"https:\/\/zonaroja.com.mx\/index.php?rest_route=%2Fwp%2Fv2%2Fcategories&post=28297"},{"taxonomy":"post_tag","embeddable":true,"href":"https:\/\/zonaroja.com.mx\/index.php?rest_route=%2Fwp%2Fv2%2Ftags&post=28297"}],"curies":[{"name":"wp","href":"https:\/\/api.w.org\/{rel}","templated":true}]}}