{"id":2830,"date":"2019-08-05T08:00:55","date_gmt":"2019-08-05T13:00:55","guid":{"rendered":"http:\/\/www.zonaroja.com.mx\/?p=2830"},"modified":"2019-08-04T22:23:33","modified_gmt":"2019-08-05T03:23:33","slug":"salda-ieepo-241-expedientes-por-presuntas-violaciones-a-derechos","status":"publish","type":"post","link":"https:\/\/zonaroja.com.mx\/?p=2830","title":{"rendered":"Salda IEEPO 241 expedientes por presuntas violaciones a derechos"},"content":{"rendered":"\n<p>Redacci\u00f3n\/Zona\nRoja.<\/p>\n\n\n\n<p>Oaxaca de\nJu\u00e1rez, Oax., 5 de agosto de 2019.- Durante el primer semestre del a\u00f1o se\nconcluyeron 241 expedientes de casos ante la Defensor\u00eda de los Derechos Humanos\ndel Pueblo de Oaxaca (DDHPO), organismo que desde el a\u00f1o pasado no ha emitido\nninguna recomendaci\u00f3n al IEEPO, al igual que la Comisi\u00f3n Nacional de Derechos\nHumanos (CNDH), inform\u00f3 el Instituto.<\/p>\n\n\n\n<p>En un\ncomunicado, detall\u00f3 que a trav\u00e9s de la Direcci\u00f3n para la Atenci\u00f3n de los\nDerechos Humanos, promueve de forma permanente programas, actividades y\ncampa\u00f1as de sensibilizaci\u00f3n enfocadas a lograr que en la entidad prevalezca el\nrespeto a los derechos de la ni\u00f1ez y juventud, la sana convivencia en las\nescuelas, as\u00ed como la perspectiva en equidad y g\u00e9nero.<\/p>\n\n\n\n<p>Adem\u00e1s, da\ntr\u00e1mite a las quejas recibidas por presuntas violaciones a derechos humanos\ncometidas por servidores p\u00fablicos del Instituto.<\/p>\n\n\n\n<p>Sostuvo que\npor indicaciones del director general, Francisco \u00c1ngel Villarreal, se privilegia\nla conciliaci\u00f3n, el di\u00e1logo, capacitaci\u00f3n y el trabajo directo con los\nsupervisores, directivos, autoridades municipales, madres y padres de familia,\nas\u00ed como los docentes, anteponiendo ante todo el inter\u00e9s superior de la ni\u00f1ez.<\/p>\n\n\n\n<p>Dijo que en\nun recuento de las acciones realizadas de enero a julio, se logr\u00f3 la\ncapacitaci\u00f3n y actualizaci\u00f3n en materia de derechos humanos a dos mil 266\nalumnos de los diferentes niveles educativos en las regiones de la entidad, a\n569 padres, madres y tutores y mil 971 directivos, docentes y personal de\napoyo.<\/p>\n\n\n\n<p>Mencion\u00f3 que\nse han abordado temas como el Reglamento escolar con perspectiva de derechos humanos,\ndirigido a trabajadoras sociales de la zona escolar 01 de secundarias t\u00e9cnicas;\nse inici\u00f3 con el diplomado \u201cEstrategias para mejorar el Bienestar de Ni\u00f1as,\nNi\u00f1os y Adolescentes en la Educaci\u00f3n B\u00e1sica\u201d y se dio el curso de Alineaci\u00f3n al\nEst\u00e1ndar de Calidad 0217 para el proceso de certificaci\u00f3n del personal de esa\ndirecci\u00f3n.<\/p>\n\n\n\n<p>Asimismo, se\nimpartieron los talleres Prevenci\u00f3n de la Violencia Escolar a directivos y\ndocentes de la zona escolar 027 de San Pedro y San Pablo Ayutla; y de\nContenci\u00f3n Emocional, dirigido a ni\u00f1as y ni\u00f1os del Centro de Integraci\u00f3n Social\nn\u00famero 20 de Santiago Yosondua, adem\u00e1s del seminario \u201cEducaci\u00f3n Intercultural\nun Derecho de Ni\u00f1as, Ni\u00f1os y Adolescentes\u201d en coordinaci\u00f3n con diferentes\ninstituciones y la sociedad civil. <\/p>\n\n\n\n<p>Por otra\nparte, mencion\u00f3 que se elaboraron manuales de actuaci\u00f3n frente a la violencia\nejercida contra ni\u00f1as, ni\u00f1os y adolescentes en la educaci\u00f3n b\u00e1sica y se\nparticip\u00f3 en conjunto con la Procuradur\u00eda Estatal de los Derechos de Ni\u00f1as,\nNi\u00f1os y Adolescentes (Prodenna) en un curso sobre Trabajo infantil y Prevenci\u00f3n\ndel Abuso Sexual Infantil, as\u00ed como en la Estrategia para la Protecci\u00f3n\nintegral de ni\u00f1as, ni\u00f1os y adolescente ind\u00edgenas y afromexicanas.<\/p>\n","protected":false},"excerpt":{"rendered":"<p>Redacci\u00f3n\/Zona Roja. Oaxaca de Ju\u00e1rez, Oax., 5 de agosto de 2019.- Durante el primer semestre&hellip;<\/p>\n","protected":false},"author":2,"featured_media":2831,"comment_status":"closed","ping_status":"open","sticky":false,"template":"","format":"standard","meta":{"_lmt_disableupdate":"","_lmt_disable":"","_jetpack_memberships_contains_paid_content":false,"footnotes":""},"categories":[109,46],"tags":[480,262],"class_list":["post-2830","post","type-post","status-publish","format-standard","has-post-thumbnail","hentry","category-minuto-a-minuto","category-zona-blanca","tag-derechos-humanos","tag-ieepo"],"jetpack_featured_media_url":"https:\/\/zonaroja.com.mx\/wp-content\/uploads\/2019\/08\/04-IEEPO.jpeg","jetpack_sharing_enabled":true,"_links":{"self":[{"href":"https:\/\/zonaroja.com.mx\/index.php?rest_route=\/wp\/v2\/posts\/2830","targetHints":{"allow":["GET"]}}],"collection":[{"href":"https:\/\/zonaroja.com.mx\/index.php?rest_route=\/wp\/v2\/posts"}],"about":[{"href":"https:\/\/zonaroja.com.mx\/index.php?rest_route=\/wp\/v2\/types\/post"}],"author":[{"embeddable":true,"href":"https:\/\/zonaroja.com.mx\/index.php?rest_route=\/wp\/v2\/users\/2"}],"replies":[{"embeddable":true,"href":"https:\/\/zonaroja.com.mx\/index.php?rest_route=%2Fwp%2Fv2%2Fcomments&post=2830"}],"version-history":[{"count":1,"href":"https:\/\/zonaroja.com.mx\/index.php?rest_route=\/wp\/v2\/posts\/2830\/revisions"}],"predecessor-version":[{"id":2832,"href":"https:\/\/zonaroja.com.mx\/index.php?rest_route=\/wp\/v2\/posts\/2830\/revisions\/2832"}],"wp:featuredmedia":[{"embeddable":true,"href":"https:\/\/zonaroja.com.mx\/index.php?rest_route=\/wp\/v2\/media\/2831"}],"wp:attachment":[{"href":"https:\/\/zonaroja.com.mx\/index.php?rest_route=%2Fwp%2Fv2%2Fmedia&parent=2830"}],"wp:term":[{"taxonomy":"category","embeddable":true,"href":"https:\/\/zonaroja.com.mx\/index.php?rest_route=%2Fwp%2Fv2%2Fcategories&post=2830"},{"taxonomy":"post_tag","embeddable":true,"href":"https:\/\/zonaroja.com.mx\/index.php?rest_route=%2Fwp%2Fv2%2Ftags&post=2830"}],"curies":[{"name":"wp","href":"https:\/\/api.w.org\/{rel}","templated":true}]}}