{"id":28302,"date":"2021-06-08T18:09:28","date_gmt":"2021-06-08T23:09:28","guid":{"rendered":"http:\/\/www.zonaroja.com.mx\/?p=28302"},"modified":"2021-06-08T18:09:36","modified_gmt":"2021-06-08T23:09:36","slug":"pri-de-oaxaca-engallado-dice-que-ahora-va-por-gubernatura","status":"publish","type":"post","link":"https:\/\/zonaroja.com.mx\/?p=28302","title":{"rendered":"PRI de Oaxaca, engallado, dice que ahora va por gubernatura"},"content":{"rendered":"\n<p>Ismael Garc\u00eda M.\/Zona Roja.<\/p>\n\n\n\n<p>Oaxaca de Ju\u00e1rez, Oax., 8 de junio de 2021.- El Partido Revolucionario Institucional festin\u00f3 sus triunfos del pasado 6 de junio, al lograr al menos seis diputaciones locales; disputa cuatro m\u00e1s y prev\u00e9 tener de cinco a siete curules plurinominales.<\/p>\n\n\n\n<p>En conferencia de prensa, el presidente del comit\u00e9 directivo estatal, Eviel P\u00e9rez Maga\u00f1a, asegur\u00f3 que el PRI repunt\u00f3 en estos comicios, al lograr tambi\u00e9n con sus aliados un n\u00famero mayor de presidencias municipales; en los pr\u00f3ximos comicios, augur\u00f3 que ganar\u00e1n la gubernatura.<\/p>\n\n\n\n<p>\u201cFue un proceso ejemplar en general, quiero reconocer a nombre del comit\u00e9, el enorme trabajo, dedicado y comprometido de todos; en el pa\u00eds mismo hay una nueva composici\u00f3n pol\u00edtica, que termin\u00f3 con la tentativa de autoritarismo pol\u00edtico y el avallasamiento.<\/p>\n\n\n\n<p>\u201cEn Oaxaca hemos retomado la ruta del triunfo desde el Congreso del Estado\u2026 hoy se refrenda que tenemos un s\u00f3lido liderazgo estatal, con un gobierno que da resultados.<\/p>\n\n\n\n<p>\u201cTenemos a una militancia de base, en un entorno nacional complejo; sentando las bases para mejores cuentas por venir\u201d, dijo P\u00e9rez Maga\u00f1a.<\/p>\n\n\n\n<figure class=\"wp-block-embed-twitter wp-block-embed is-type-rich is-provider-twitter\"><div class=\"wp-block-embed__wrapper\">\n<div class=\"twitter-tweet\"><blockquote class=\"twitter-tweet\" data-lang=\"es\"><p lang=\"es\" dir=\"ltr\"><a href=\"https:\/\/twitter.com\/hashtag\/ENVIVO?src=hash&amp;ref_src=twsrc%5Etfw\">#ENVIVO<\/a><br>Oaxaca de Ju\u00e1rez, Oax., 8 de junio de 2021.- Conferencia de prensa de la dirigencia estatal del PRI, presidida por <a href=\"https:\/\/twitter.com\/EvielPM?ref_src=twsrc%5Etfw\">@EvielPM<\/a>, tras los comicios del 6 de junio.<br><br>Aqu\u00ed la transmisi\u00f3n:\ud83d\udc47<a href=\"https:\/\/t.co\/HO0ufj27LV\">https:\/\/t.co\/HO0ufj27LV<\/a> <a href=\"https:\/\/t.co\/nSizCfgXGZ\">pic.twitter.com\/nSizCfgXGZ<\/a><\/p>&mdash; Zona Roja Oaxaca (@Zona_Roja_Oax) <a href=\"https:\/\/twitter.com\/Zona_Roja_Oax\/status\/1402330000192270336?ref_src=twsrc%5Etfw\">8 de junio de 2021<\/a><\/blockquote><\/div>\n<\/div><\/figure>\n\n\n\n<p>Apunt\u00f3 que en 2018, el partido se qued\u00f3 a 30 puntos de la primera fuerza pol\u00edtica; en esta ocasi\u00f3n la diferencia es mucho menos de la mitad; \u201cel PRI est\u00e1 de regreso, este es el PRI de la militancia que trabaja en unidad, que construye, que no se detiene\u201d, dijo.<\/p>\n\n\n\n<p>El Revolucionario Institucional present\u00f3 impugnaciones en los distritos de Tlacolula, Miahuatl\u00e1n, San Pedro y San Pablo Ayutla y Huajuapan, por considerar que puede recuperarlos, al haber un m\u00ednimo n\u00famero de votos de diferencia con sus contrincantes.<\/p>\n\n\n\n<p>En el caso de las plurinominales, podr\u00eda alcanzar de cinco a siete curules en el Congreso local, lo que los convertir\u00eda en la segunda fuerza pol\u00edtica.<\/p>\n\n\n\n<p>\u201cLos n\u00fameros los consideramos en todos los casos notablemente, a\u00fan en la capital\u201d dijo P\u00e9rez Maga\u00f1a, pese a que el candidato que postularon perdi\u00f3 Oaxaca de Ju\u00e1rez.<\/p>\n\n\n\n<p>\u201cEstamos de pie, estamos retomando el rumbo y los n\u00fameros nos motivan a seguir construyendo triunfos en el futuro\u201d, expuso.<\/p>\n\n\n\n<p>Hace tres a\u00f1os lograron s\u00f3lo un distrito local y en esta ocasi\u00f3n seis y se prev\u00e9 sean m\u00e1s; de acuerdo con el instituto pol\u00edtico; adem\u00e1s, mientras que en la pasada jornada electoral 580 mil votos entre Morena y el PRI y ahora se redujo a menos de 340 mil votos.<\/p>\n\n\n\n<figure class=\"wp-block-embed-twitter wp-block-embed is-type-rich is-provider-twitter\"><div class=\"wp-block-embed__wrapper\">\n<div class=\"twitter-tweet\"><blockquote class=\"twitter-tweet\" data-lang=\"es\"><p lang=\"es\" dir=\"ltr\">Comienza la debacle de <a href=\"https:\/\/twitter.com\/hashtag\/Morena?src=hash&amp;ref_src=twsrc%5Etfw\">#Morena<\/a> y el resurgimiento del PRI, asegur\u00f3 el dirigente estatal <a href=\"https:\/\/twitter.com\/EvielPM?ref_src=twsrc%5Etfw\">@EvielPM<\/a>, el se\u00f1alar que lograron con sus aliados seis diputaciones, y disputan cuatro m\u00e1s; tambi\u00e9n, podr\u00edan alcanzar de cinco a seis curules plurinominales. <a href=\"https:\/\/t.co\/nhIYoLyQ2r\">pic.twitter.com\/nhIYoLyQ2r<\/a><\/p>&mdash; Zona Roja Oaxaca (@Zona_Roja_Oax) <a href=\"https:\/\/twitter.com\/Zona_Roja_Oax\/status\/1402393376343957504?ref_src=twsrc%5Etfw\">8 de junio de 2021<\/a><\/blockquote><\/div>\n<\/div><\/figure>\n","protected":false},"excerpt":{"rendered":"<p>Ismael Garc\u00eda M.\/Zona Roja. Oaxaca de Ju\u00e1rez, Oax., 8 de junio de 2021.- El Partido&hellip;<\/p>\n","protected":false},"author":2,"featured_media":28303,"comment_status":"closed","ping_status":"open","sticky":false,"template":"","format":"standard","meta":{"_lmt_disableupdate":"","_lmt_disable":"","_jetpack_memberships_contains_paid_content":false,"footnotes":""},"categories":[109,46],"tags":[2730],"class_list":["post-28302","post","type-post","status-publish","format-standard","has-post-thumbnail","hentry","category-minuto-a-minuto","category-zona-blanca","tag-eviel-perez-magana"],"jetpack_featured_media_url":"https:\/\/zonaroja.com.mx\/wp-content\/uploads\/2021\/06\/Conferencia-PRI-Eviel-Perez.jpg","jetpack_sharing_enabled":true,"_links":{"self":[{"href":"https:\/\/zonaroja.com.mx\/index.php?rest_route=\/wp\/v2\/posts\/28302","targetHints":{"allow":["GET"]}}],"collection":[{"href":"https:\/\/zonaroja.com.mx\/index.php?rest_route=\/wp\/v2\/posts"}],"about":[{"href":"https:\/\/zonaroja.com.mx\/index.php?rest_route=\/wp\/v2\/types\/post"}],"author":[{"embeddable":true,"href":"https:\/\/zonaroja.com.mx\/index.php?rest_route=\/wp\/v2\/users\/2"}],"replies":[{"embeddable":true,"href":"https:\/\/zonaroja.com.mx\/index.php?rest_route=%2Fwp%2Fv2%2Fcomments&post=28302"}],"version-history":[{"count":1,"href":"https:\/\/zonaroja.com.mx\/index.php?rest_route=\/wp\/v2\/posts\/28302\/revisions"}],"predecessor-version":[{"id":28304,"href":"https:\/\/zonaroja.com.mx\/index.php?rest_route=\/wp\/v2\/posts\/28302\/revisions\/28304"}],"wp:featuredmedia":[{"embeddable":true,"href":"https:\/\/zonaroja.com.mx\/index.php?rest_route=\/wp\/v2\/media\/28303"}],"wp:attachment":[{"href":"https:\/\/zonaroja.com.mx\/index.php?rest_route=%2Fwp%2Fv2%2Fmedia&parent=28302"}],"wp:term":[{"taxonomy":"category","embeddable":true,"href":"https:\/\/zonaroja.com.mx\/index.php?rest_route=%2Fwp%2Fv2%2Fcategories&post=28302"},{"taxonomy":"post_tag","embeddable":true,"href":"https:\/\/zonaroja.com.mx\/index.php?rest_route=%2Fwp%2Fv2%2Ftags&post=28302"}],"curies":[{"name":"wp","href":"https:\/\/api.w.org\/{rel}","templated":true}]}}