{"id":28305,"date":"2021-06-08T19:52:33","date_gmt":"2021-06-09T00:52:33","guid":{"rendered":"http:\/\/www.zonaroja.com.mx\/?p=28305"},"modified":"2021-06-08T19:52:47","modified_gmt":"2021-06-09T00:52:47","slug":"registra-oaxaca-otro-asesinato-van-dos-este-martes","status":"publish","type":"post","link":"https:\/\/zonaroja.com.mx\/?p=28305","title":{"rendered":"Registra Oaxaca otro asesinato; van dos este martes"},"content":{"rendered":"\n<p>Redacci\u00f3n\/Zona Roja.<\/p>\n\n\n\n<p>Oaxaca de Ju\u00e1rez, Oax., 8 de junio de 2021.- Una segunda persona fue asesinada a balazos en Oaxaca en menos de 12 horas.<\/p>\n\n\n\n<p>Fue en el mercado de Santiago Pinotepa Nacional, municipio de la regi\u00f3n de la Costa, en que ejecutaron a Juan H. B., de 71 a\u00f1os de edad.<\/p>\n\n\n\n<p>Los hechos sucedieron minutos antes de las 05:00 horas en el mercado \u201cPedro Rodr\u00edguez\u201d, donde sujetos desconocidos dispararon en contra del comerciante que preparaba su puesto de venta de pescados y mariscos.<\/p>\n\n\n\n<p>Los presuntos delincuentes huyeron del lugar y hasta ahora no se tienen rastros de ellos.<\/p>\n\n\n\n<p>En la misma regi\u00f3n de la Costa pero en el municipio de San Juan Cacahuatepec, un joven de aproximadamente 24 a\u00f1os de edad, se quit\u00f3 la vida con un disparo en la cabeza.<\/p>\n\n\n\n<p>Hasta el momento se desconocen las razones de su fatal decisi\u00f3n y fue identificado con las siglas U. C. M.<\/p>\n","protected":false},"excerpt":{"rendered":"<p>Redacci\u00f3n\/Zona Roja. Oaxaca de Ju\u00e1rez, Oax., 8 de junio de 2021.- Una segunda persona fue&hellip;<\/p>\n","protected":false},"author":2,"featured_media":7691,"comment_status":"closed","ping_status":"open","sticky":false,"template":"","format":"standard","meta":{"_lmt_disableupdate":"","_lmt_disable":"","_jetpack_memberships_contains_paid_content":false,"footnotes":""},"categories":[109,51],"tags":[651],"class_list":["post-28305","post","type-post","status-publish","format-standard","has-post-thumbnail","hentry","category-minuto-a-minuto","category-zona-roja","tag-santiago-pinotepa-nacional"],"jetpack_featured_media_url":"https:\/\/zonaroja.com.mx\/wp-content\/uploads\/2020\/01\/Pinotepa-Nacional.jpg","jetpack_sharing_enabled":true,"_links":{"self":[{"href":"https:\/\/zonaroja.com.mx\/index.php?rest_route=\/wp\/v2\/posts\/28305","targetHints":{"allow":["GET"]}}],"collection":[{"href":"https:\/\/zonaroja.com.mx\/index.php?rest_route=\/wp\/v2\/posts"}],"about":[{"href":"https:\/\/zonaroja.com.mx\/index.php?rest_route=\/wp\/v2\/types\/post"}],"author":[{"embeddable":true,"href":"https:\/\/zonaroja.com.mx\/index.php?rest_route=\/wp\/v2\/users\/2"}],"replies":[{"embeddable":true,"href":"https:\/\/zonaroja.com.mx\/index.php?rest_route=%2Fwp%2Fv2%2Fcomments&post=28305"}],"version-history":[{"count":1,"href":"https:\/\/zonaroja.com.mx\/index.php?rest_route=\/wp\/v2\/posts\/28305\/revisions"}],"predecessor-version":[{"id":28307,"href":"https:\/\/zonaroja.com.mx\/index.php?rest_route=\/wp\/v2\/posts\/28305\/revisions\/28307"}],"wp:featuredmedia":[{"embeddable":true,"href":"https:\/\/zonaroja.com.mx\/index.php?rest_route=\/wp\/v2\/media\/7691"}],"wp:attachment":[{"href":"https:\/\/zonaroja.com.mx\/index.php?rest_route=%2Fwp%2Fv2%2Fmedia&parent=28305"}],"wp:term":[{"taxonomy":"category","embeddable":true,"href":"https:\/\/zonaroja.com.mx\/index.php?rest_route=%2Fwp%2Fv2%2Fcategories&post=28305"},{"taxonomy":"post_tag","embeddable":true,"href":"https:\/\/zonaroja.com.mx\/index.php?rest_route=%2Fwp%2Fv2%2Ftags&post=28305"}],"curies":[{"name":"wp","href":"https:\/\/api.w.org\/{rel}","templated":true}]}}