{"id":28308,"date":"2021-06-08T20:49:59","date_gmt":"2021-06-09T01:49:59","guid":{"rendered":"http:\/\/www.zonaroja.com.mx\/?p=28308"},"modified":"2021-06-08T20:57:16","modified_gmt":"2021-06-09T01:57:16","slug":"gana-candidato-independiente-en-santa-cruz-amilpas-y-lo-hostigan-policias","status":"publish","type":"post","link":"https:\/\/zonaroja.com.mx\/?p=28308","title":{"rendered":"Gana candidato independiente en Santa Cruz Amilpas\u2026 y lo hostigan polic\u00edas"},"content":{"rendered":"\n<p>Ismael Garc\u00eda M.\/Zona Roja.<\/p>\n\n\n\n<p>Oaxaca de Ju\u00e1rez, Oax., 8 de junio de 2021.- Por primera vez, en Santa Cruz Amilpas un candidato independiente gana la presidencia municipal y se la arrebata al Partido Morena.<\/p>\n\n\n\n<p>Se trata de Christian Baruch Castellanos Rodr\u00edguez, quien logr\u00f3 mil 599 votos, que representan el 26.4 por ciento, contra mil 584 del morenista Julio Antonio Sosa, que es el 26.2 por ciento. <\/p>\n\n\n\n<p>Sin embargo, el virtual ganador de la contienda, de acuerdo con los datos finales del Programa de Resultados Electorales Preliminares (PREP) del IEEPCO, acusa amenazas e intento de reventar el conteo oficial de boletas.<\/p>\n\n\n\n<p>Por ello, junto con integrantes de su planilla, tambi\u00e9n de ciudadanos originarios, resguardan la sede del consejo municipal electoral, a fin de impedir hechos violentos.<\/p>\n\n\n\n<p>\u201cSoy una persona que siempre ha caminado en las calles de mi comunidad, traemos muchas propuestas\u201d, dice Christian Baruch.<\/p>\n\n\n\n<figure class=\"wp-block-embed-twitter wp-block-embed is-type-rich is-provider-twitter\"><div class=\"wp-block-embed__wrapper\">\n<div class=\"twitter-tweet\"><blockquote class=\"twitter-tweet\" data-lang=\"es\"><p lang=\"es\" dir=\"ltr\"><a href=\"https:\/\/twitter.com\/hashtag\/ENVIVO?src=hash&amp;ref_src=twsrc%5Etfw\">#ENVIVO<\/a> <br>Santa Cruz Amilpas, Oax., 8 de junio de 2021.- Conferencia de prensa del candidato Independiente a edil, Baruch Rodr\u00edguez Castellanos, quien gan\u00f3 las elecciones. <br>Aqu\u00ed la transmisi\u00f3n:<br>\ud83d\udc47<a href=\"https:\/\/t.co\/DNfz1GHwhj\">https:\/\/t.co\/DNfz1GHwhj<\/a> <a href=\"https:\/\/t.co\/01lLh2f9WS\">pic.twitter.com\/01lLh2f9WS<\/a><\/p>&mdash; Zona Roja Oaxaca (@Zona_Roja_Oax) <a href=\"https:\/\/twitter.com\/Zona_Roja_Oax\/status\/1402360470066110465?ref_src=twsrc%5Etfw\">8 de junio de 2021<\/a><\/blockquote><\/div>\n<\/div><\/figure>\n\n\n\n<p>\u201cEstamos exigiendo que haya certeza, que haya transparencia, que no haya mano negra en el consejo municipal electoral, porque nos enfrentamos con un grupo de poder muy dif\u00edcil aqu\u00ed en Santa Cruz. Vencimos a un grupo que pensaban todos que era imposible y lo hicieron los vecinos\u201d, expone.<\/p>\n\n\n\n<p>&#8211;C\u00f3mo le hizo para ganar, porque fueron muchos aspirantes.<\/p>\n\n\n\n<p>&#8211;Aqu\u00ed no hay magia, lo \u00fanico que tienes que hacer es ser honesto, caminar casa por casa y mostrar un proyecto diferente, que nace de vecinos y para vecinos; el \u00fanico secreto es caminar, ser amigo.<\/p>\n\n\n\n<p>&#8211;Qu\u00e9 problema hubo los polic\u00edas municipales.<\/p>\n\n\n\n<p>&#8211;No sabr\u00eda decir si est\u00e1 metido el Cabildo o no, pero siempre ha sido una polic\u00eda municipal que se la ha pasado hostigando, a nuestros compa\u00f1eros, que las fotos\u2026 no puedes andar libre.<\/p>\n\n\n\n<p>\u201cCasualmente donde and\u00e1bamos ah\u00ed andaba la polic\u00eda, y segu\u00eda y segu\u00eda, en lo personal, uno se siente hostigado y vemos acciones que no corresponden a una polic\u00eda que verdaderamente est\u00e9 salvaguardando\u201d, dice el candidato ganador.<\/p>\n","protected":false},"excerpt":{"rendered":"<p>Ismael Garc\u00eda M.\/Zona Roja. Oaxaca de Ju\u00e1rez, Oax., 8 de junio de 2021.- Por primera&hellip;<\/p>\n","protected":false},"author":2,"featured_media":28309,"comment_status":"closed","ping_status":"open","sticky":false,"template":"","format":"standard","meta":{"_lmt_disableupdate":"","_lmt_disable":"","_jetpack_memberships_contains_paid_content":false,"footnotes":""},"categories":[109,46],"tags":[2731,2046],"class_list":["post-28308","post","type-post","status-publish","format-standard","has-post-thumbnail","hentry","category-minuto-a-minuto","category-zona-blanca","tag-christian-baruch-castellanos-rodriguez","tag-santa-cruz-amilpas"],"jetpack_featured_media_url":"https:\/\/zonaroja.com.mx\/wp-content\/uploads\/2021\/06\/Christian-Baruch-Castellanos-Rodriguez.jpg","jetpack_sharing_enabled":true,"_links":{"self":[{"href":"https:\/\/zonaroja.com.mx\/index.php?rest_route=\/wp\/v2\/posts\/28308","targetHints":{"allow":["GET"]}}],"collection":[{"href":"https:\/\/zonaroja.com.mx\/index.php?rest_route=\/wp\/v2\/posts"}],"about":[{"href":"https:\/\/zonaroja.com.mx\/index.php?rest_route=\/wp\/v2\/types\/post"}],"author":[{"embeddable":true,"href":"https:\/\/zonaroja.com.mx\/index.php?rest_route=\/wp\/v2\/users\/2"}],"replies":[{"embeddable":true,"href":"https:\/\/zonaroja.com.mx\/index.php?rest_route=%2Fwp%2Fv2%2Fcomments&post=28308"}],"version-history":[{"count":2,"href":"https:\/\/zonaroja.com.mx\/index.php?rest_route=\/wp\/v2\/posts\/28308\/revisions"}],"predecessor-version":[{"id":28311,"href":"https:\/\/zonaroja.com.mx\/index.php?rest_route=\/wp\/v2\/posts\/28308\/revisions\/28311"}],"wp:featuredmedia":[{"embeddable":true,"href":"https:\/\/zonaroja.com.mx\/index.php?rest_route=\/wp\/v2\/media\/28309"}],"wp:attachment":[{"href":"https:\/\/zonaroja.com.mx\/index.php?rest_route=%2Fwp%2Fv2%2Fmedia&parent=28308"}],"wp:term":[{"taxonomy":"category","embeddable":true,"href":"https:\/\/zonaroja.com.mx\/index.php?rest_route=%2Fwp%2Fv2%2Fcategories&post=28308"},{"taxonomy":"post_tag","embeddable":true,"href":"https:\/\/zonaroja.com.mx\/index.php?rest_route=%2Fwp%2Fv2%2Ftags&post=28308"}],"curies":[{"name":"wp","href":"https:\/\/api.w.org\/{rel}","templated":true}]}}