{"id":28312,"date":"2021-06-08T21:49:36","date_gmt":"2021-06-09T02:49:36","guid":{"rendered":"http:\/\/www.zonaroja.com.mx\/?p=28312"},"modified":"2021-06-08T21:49:42","modified_gmt":"2021-06-09T02:49:42","slug":"alcaldesa-de-san-jacinto-amilpas-uso-recursos-publicos-para-su-tesorera-candidata","status":"publish","type":"post","link":"https:\/\/zonaroja.com.mx\/?p=28312","title":{"rendered":"Alcaldesa de San Jacinto Amilpas us\u00f3 recursos p\u00fablicos para su tesorera-candidata"},"content":{"rendered":"\n<p>Ismael Garc\u00eda M.\/Zona Roja.<\/p>\n\n\n\n<p>Oaxaca de Ju\u00e1rez, Oax., 8 de junio de 2021.- Sin separarse del cargo y con una auditor\u00eda en curso, la tesorera de San Jacinto Amilpas y candidata ganadora de la presidencia municipal, Gabriela Adriana D\u00edaz P\u00e9rez, fue apoyada con recursos p\u00fablicos por parte de la alcaldesa Yolanda Santos Monta\u00f1o.<\/p>\n\n\n\n<p>As\u00ed lo denunciaron cinco aspirantes a la primera concejal\u00eda, que la tarde de hoy protestaron en la explanada de ese municipio conurbado a la capital de Oaxaca.<\/p>\n\n\n\n<p>La morenista obtuvo el 19.1% de votos; Fidel Alejandro D\u00edaz, del PT, 17.3%; Heriberto Varela Colmenares, del PVEM, 14.4%, y Gregorio Rodr\u00edguez del PRD, 14.5%. <\/p>\n\n\n\n<p>Tambi\u00e9n se sumaron a la manifestaci\u00f3n Itah\u00ed Cort\u00e9s, de Movimiento Ciudadano, Daniel Virgen de Redes Sociales, y Cinthya S\u00e1nchez, de Encuentro Solidario<\/p>\n\n\n\n<p>\u201cLa presidenta municipal meti\u00f3 las manos impunemente en esta elecci\u00f3n, ella no respeta las elecciones; estoy muy molesto porque realmente no fueron elecciones limpias\u2026 estuvo acosando e intimidando a todos y cada uno de los candidatos.<\/p>\n\n\n\n<figure class=\"wp-block-embed-twitter wp-block-embed is-type-rich is-provider-twitter\"><div class=\"wp-block-embed__wrapper\">\n<div class=\"twitter-tweet\"><blockquote class=\"twitter-tweet\" data-lang=\"es\"><p lang=\"es\" dir=\"ltr\"><a href=\"https:\/\/twitter.com\/hashtag\/EleccionesOaxaca2021?src=hash&amp;ref_src=twsrc%5Etfw\">#EleccionesOaxaca2021<\/a> <br>Son al menos cinco candidatos los que se unieron contra Morena en San Jacinto Amilpas, al acusar que la presidenta <a href=\"https:\/\/twitter.com\/Yolanda_SanMon?ref_src=twsrc%5Etfw\">@Yolanda_SanMon<\/a> us\u00f3 recursos p\u00fablicos para apoyar a su tesorera como aspirante, s\u00ed renunciar \u00e9sta al cargo. <a href=\"https:\/\/t.co\/gZmGbzVlyf\">pic.twitter.com\/gZmGbzVlyf<\/a><\/p>&mdash; Zona Roja Oaxaca (@Zona_Roja_Oax) <a href=\"https:\/\/twitter.com\/Zona_Roja_Oax\/status\/1402414523189977090?ref_src=twsrc%5Etfw\">8 de junio de 2021<\/a><\/blockquote><\/div>\n<\/div><\/figure>\n\n\n\n<p>\u201cPersonalmente puse la queja, hay videos, hay evidencias de c\u00f3mo me estuvo acosando en mi propio domicilio\u201d, dijo Alejandro D\u00edaz, con un grupo de seguidores que lo respaldaba.<\/p>\n\n\n\n<p>\u201cPresidenta: estas elecciones no fueron limpias. Alejandro D\u00edaz del PT no las acepta, porque no se permiti\u00f3 que fuera una competencia digna. T\u00fa sabes, presidenta, que no hubo elecciones limpias. No estamos de acuerdo\u201d, expuso, al detallar que s\u00f3lo hay 120 votos de diferencias entre \u00e9l y la probable ganadora.<\/p>\n\n\n\n<p>Sobre la tesorera municipal (Gabriela Adriana D\u00edaz), \u201ctenemos pruebas que est\u00e1 en funciones por parte de la Junta de Gobierno, que no ha renunciado. Yo s\u00ed respeto las instituciones, pero el pueblo es el que manda\u201d, manifest\u00f3.<\/p>\n\n\n\n<p>Entre los que compitieron en la contienda y se sumaron a la protesta est\u00e1n Heriberto Varela, del PVEM, quien reiter\u00f3 que la actual candidata de Morena no renunci\u00f3 al cargo de tesorera y adem\u00e1s hab\u00eda una auditor\u00eda en proceso.<\/p>\n\n\n\n<p>Tras casi dos horas de protestas, los inconformes se trasladaron a la sede del consejo municipal electoral, que resguardan a fin de que no haya irregularidades en el conteo.<\/p>\n\n\n\n<figure class=\"wp-block-embed-twitter wp-block-embed is-type-rich is-provider-twitter\"><div class=\"wp-block-embed__wrapper\">\n<div class=\"twitter-tweet\"><blockquote class=\"twitter-tweet\" data-lang=\"es\"><p lang=\"es\" dir=\"ltr\"><a href=\"https:\/\/twitter.com\/hashtag\/ENVIVO?src=hash&amp;ref_src=twsrc%5Etfw\">#ENVIVO<\/a> <br>San Jacinto Amilpas, Oax., 8 de junio de 2021.- Inconformidad de pobladores contra presidenta municipal <a href=\"https:\/\/twitter.com\/Yolanda_SanMon?ref_src=twsrc%5Etfw\">@Yolanda_SanMon<\/a>, tras comicios del 6 de junio; acusan m\u00faltiples irregularidades en la elecci\u00f3n por parte de <a href=\"https:\/\/twitter.com\/hashtag\/Morena?src=hash&amp;ref_src=twsrc%5Etfw\">#Morena<\/a>. <br>Aqu\u00ed la transmisi\u00f3n:<br>\ud83d\udc47<a href=\"https:\/\/t.co\/QPDz3SqAuh\">https:\/\/t.co\/QPDz3SqAuh<\/a> <a href=\"https:\/\/t.co\/bZpfwGXL9G\">pic.twitter.com\/bZpfwGXL9G<\/a><\/p>&mdash; Zona Roja Oaxaca (@Zona_Roja_Oax) <a href=\"https:\/\/twitter.com\/Zona_Roja_Oax\/status\/1402341354231853057?ref_src=twsrc%5Etfw\">8 de junio de 2021<\/a><\/blockquote><\/div>\n<\/div><\/figure>\n","protected":false},"excerpt":{"rendered":"<p>Ismael Garc\u00eda M.\/Zona Roja. Oaxaca de Ju\u00e1rez, Oax., 8 de junio de 2021.- Sin separarse&hellip;<\/p>\n","protected":false},"author":2,"featured_media":28313,"comment_status":"closed","ping_status":"open","sticky":false,"template":"","format":"standard","meta":{"_lmt_disableupdate":"","_lmt_disable":"","_jetpack_memberships_contains_paid_content":false,"footnotes":""},"categories":[109,47],"tags":[77,366],"class_list":["post-28312","post","type-post","status-publish","format-standard","has-post-thumbnail","hentry","category-minuto-a-minuto","category-zona-gris","tag-san-jacinto-amilpas","tag-yolanda-santos-san-jacinto-amilpas"],"jetpack_featured_media_url":"https:\/\/zonaroja.com.mx\/wp-content\/uploads\/2021\/06\/Protesta-San-Jacinto-Amilpas.jpg","jetpack_sharing_enabled":true,"_links":{"self":[{"href":"https:\/\/zonaroja.com.mx\/index.php?rest_route=\/wp\/v2\/posts\/28312","targetHints":{"allow":["GET"]}}],"collection":[{"href":"https:\/\/zonaroja.com.mx\/index.php?rest_route=\/wp\/v2\/posts"}],"about":[{"href":"https:\/\/zonaroja.com.mx\/index.php?rest_route=\/wp\/v2\/types\/post"}],"author":[{"embeddable":true,"href":"https:\/\/zonaroja.com.mx\/index.php?rest_route=\/wp\/v2\/users\/2"}],"replies":[{"embeddable":true,"href":"https:\/\/zonaroja.com.mx\/index.php?rest_route=%2Fwp%2Fv2%2Fcomments&post=28312"}],"version-history":[{"count":1,"href":"https:\/\/zonaroja.com.mx\/index.php?rest_route=\/wp\/v2\/posts\/28312\/revisions"}],"predecessor-version":[{"id":28314,"href":"https:\/\/zonaroja.com.mx\/index.php?rest_route=\/wp\/v2\/posts\/28312\/revisions\/28314"}],"wp:featuredmedia":[{"embeddable":true,"href":"https:\/\/zonaroja.com.mx\/index.php?rest_route=\/wp\/v2\/media\/28313"}],"wp:attachment":[{"href":"https:\/\/zonaroja.com.mx\/index.php?rest_route=%2Fwp%2Fv2%2Fmedia&parent=28312"}],"wp:term":[{"taxonomy":"category","embeddable":true,"href":"https:\/\/zonaroja.com.mx\/index.php?rest_route=%2Fwp%2Fv2%2Fcategories&post=28312"},{"taxonomy":"post_tag","embeddable":true,"href":"https:\/\/zonaroja.com.mx\/index.php?rest_route=%2Fwp%2Fv2%2Ftags&post=28312"}],"curies":[{"name":"wp","href":"https:\/\/api.w.org\/{rel}","templated":true}]}}