{"id":28322,"date":"2021-06-09T07:23:02","date_gmt":"2021-06-09T12:23:02","guid":{"rendered":"http:\/\/www.zonaroja.com.mx\/?p=28322"},"modified":"2021-06-09T07:23:06","modified_gmt":"2021-06-09T12:23:06","slug":"suman-cuatro-ejecutados-el-martes-el-mas-reciente-en-ixcatlan","status":"publish","type":"post","link":"https:\/\/zonaroja.com.mx\/?p=28322","title":{"rendered":"Suman cuatro ejecutados el martes; el m\u00e1s reciente en Ixcatl\u00e1n"},"content":{"rendered":"\n<p>Redacci\u00f3n\/Zona Roja.<\/p>\n\n\n\n<p>Oaxaca de Ju\u00e1rez, Oax., 9 de junio de 2021.- Cuatro personas fueron asesinadas durante ayer martes en Oaxaca, dos de ellas en la regi\u00f3n del Istmo de Tehuantepec, una en la Costa y otra en la Cuenca del Papaloapan.<\/p>\n\n\n\n<p>El m\u00e1s reciente caso ocurri\u00f3 en San Pedro Ixcatl\u00e1n, en que fue ultimado a balazos un dirigente del Partido Morena en la zona cuenque\u00f1a, Porfirio Alejo Fidencio, de 53 a\u00f1os de edad.<\/p>\n\n\n\n<p>El cuerpo fue localizado a un costado de la carretera a la altura del crucero de la comunidad Arroyo Murci\u00e9lago y a\u00fan se desconoce qui\u00e9n o qui\u00e9nes ultimaron a quien tambi\u00e9n era presidente del Comisariado de Bienes Ejidales.<\/p>\n\n\n\n<p>Como se inform\u00f3, anoche en camino a la localidad de La Ventosa, Salina Cruz, en el interior de una bodega, fue hallado el cuerpo de una mujer, con disparos de arma de fuego; a\u00fan no ha sido identificada.<\/p>\n\n\n\n<p>Tambi\u00e9n en Salina Cruz, la madrugada de ayer fue asesinado un individuo en el interior de una camioneta. Mientras que Santiago Pinotepa Nacional, fue ejecutado un comerciante en el interior del mercado local.<\/p>\n","protected":false},"excerpt":{"rendered":"<p>Redacci\u00f3n\/Zona Roja. Oaxaca de Ju\u00e1rez, Oax., 9 de junio de 2021.- Cuatro personas fueron asesinadas&hellip;<\/p>\n","protected":false},"author":2,"featured_media":13196,"comment_status":"closed","ping_status":"open","sticky":false,"template":"","format":"standard","meta":{"_lmt_disableupdate":"","_lmt_disable":"","_jetpack_memberships_contains_paid_content":false,"footnotes":""},"categories":[109,51],"tags":[1043],"class_list":["post-28322","post","type-post","status-publish","format-standard","has-post-thumbnail","hentry","category-minuto-a-minuto","category-zona-roja","tag-san-pedro-ixcatlan"],"jetpack_featured_media_url":"https:\/\/zonaroja.com.mx\/wp-content\/uploads\/2020\/06\/IMG_7822.jpg","jetpack_sharing_enabled":true,"_links":{"self":[{"href":"https:\/\/zonaroja.com.mx\/index.php?rest_route=\/wp\/v2\/posts\/28322","targetHints":{"allow":["GET"]}}],"collection":[{"href":"https:\/\/zonaroja.com.mx\/index.php?rest_route=\/wp\/v2\/posts"}],"about":[{"href":"https:\/\/zonaroja.com.mx\/index.php?rest_route=\/wp\/v2\/types\/post"}],"author":[{"embeddable":true,"href":"https:\/\/zonaroja.com.mx\/index.php?rest_route=\/wp\/v2\/users\/2"}],"replies":[{"embeddable":true,"href":"https:\/\/zonaroja.com.mx\/index.php?rest_route=%2Fwp%2Fv2%2Fcomments&post=28322"}],"version-history":[{"count":1,"href":"https:\/\/zonaroja.com.mx\/index.php?rest_route=\/wp\/v2\/posts\/28322\/revisions"}],"predecessor-version":[{"id":28323,"href":"https:\/\/zonaroja.com.mx\/index.php?rest_route=\/wp\/v2\/posts\/28322\/revisions\/28323"}],"wp:featuredmedia":[{"embeddable":true,"href":"https:\/\/zonaroja.com.mx\/index.php?rest_route=\/wp\/v2\/media\/13196"}],"wp:attachment":[{"href":"https:\/\/zonaroja.com.mx\/index.php?rest_route=%2Fwp%2Fv2%2Fmedia&parent=28322"}],"wp:term":[{"taxonomy":"category","embeddable":true,"href":"https:\/\/zonaroja.com.mx\/index.php?rest_route=%2Fwp%2Fv2%2Fcategories&post=28322"},{"taxonomy":"post_tag","embeddable":true,"href":"https:\/\/zonaroja.com.mx\/index.php?rest_route=%2Fwp%2Fv2%2Ftags&post=28322"}],"curies":[{"name":"wp","href":"https:\/\/api.w.org\/{rel}","templated":true}]}}