{"id":2833,"date":"2019-08-05T06:54:47","date_gmt":"2019-08-05T11:54:47","guid":{"rendered":"http:\/\/www.zonaroja.com.mx\/?p=2833"},"modified":"2019-08-05T06:54:50","modified_gmt":"2019-08-05T11:54:50","slug":"domingo-rojo-en-oaxaca-cuatro-asesinatos-entre-ellos-el-de-una-es-mujer","status":"publish","type":"post","link":"https:\/\/zonaroja.com.mx\/?p=2833","title":{"rendered":"Domingo rojo en Oaxaca: cuatro asesinatos, entre ellos el de una es mujer"},"content":{"rendered":"\n<p>Redacci\u00f3n\/Zona\nRoja.<\/p>\n\n\n\n<p>Oaxaca de\nJu\u00e1rez, Oax., 5 de agosto de 2019.- Cuatro personas asesinadas a balazos en las\nregiones Mixteca e Istmo de Tehuantepec, as\u00ed como tres agresiones a balazos en\nValles Centrales y Costa, es el saldo del de hechos violentos ocurridos este\ndomingo 4 de agosto.<\/p>\n\n\n\n<p>De acuerdo\ncon reportes de corporaciones de seguridad p\u00fablica, anoche entre la calle\nMorelia y Rovirosa, colonia Aviaci\u00f3n de Huajuapan de Le\u00f3n, fue ultimada por\ndisparos de armas de fuego una mujer, hasta ahora no identificada.<\/p>\n\n\n\n<p>En el barrio\nSan Antonio de Ciudad Ixtepec, tambi\u00e9n anoche fue muerta a balazos otra\npersona, esta del sexo masculino, presuntamente tras una ri\u00f1a; la v\u00edctima\ntampoco ha sido identificada legalmente.<\/p>\n\n\n\n<p>Como se\ninform\u00f3 ayer, la tarde del domingo en la colonia Adolfo C. Gurri\u00f3n de la Segunda\nSecci\u00f3n de Juchit\u00e1n de Zaragoza, fue ultimado a balazos un individuo quien en\nvida se llam\u00f3 Rafael N., alias \u201cLa Muerte\u201d.<\/p>\n\n\n\n<p>Ayer\nalrededor de las 10 de la ma\u00f1ana, fue hallado el cuerpo sin vida de una persona\ndel sexo masculino, en el interior de un veh\u00edculo de motor, abandonado en\njurisdicci\u00f3n de Zapotitl\u00e1n Palmas, municipio mixteco del distrito de Huajuapan.<\/p>\n\n\n\n<p>Anoche en\nPinotepa Nacional se registr\u00f3 un ataque armado, en la colonia 20 de Noviembre,\nelementos de la Polic\u00eda Municipal fueron agredidos a balazos, lo que dej\u00f3 como\nsaldo un elemento lesionado, que fue canalizado al hospital de ese municipio\ncoste\u00f1o.<\/p>\n\n\n\n<p>Por la tarde\nde ayer se registr\u00f3 un lesionado por arma blanca en inmediaciones de la Central\nde Abasto de la ciudad de Oaxaca, donde presuntamente hay un operativo\npermanente de seguridad p\u00fablica de los tres \u00f3rdenes de gobierno.<\/p>\n\n\n\n<p>Mientras que en el barrio Progreso de la agencia de San Juan Chapultepec, en la capital, se registr\u00f3 otro ataque, donde un individuo conocido como Kevin Alan Cruz Rosas, de 20 a\u00f1os, result\u00f3 herido por arma blanca.<\/p>\n\n\n\n<figure class=\"wp-block-embed-twitter wp-block-embed is-type-rich is-provider-twitter\"><div class=\"wp-block-embed__wrapper\">\n<div class=\"twitter-tweet\"><blockquote class=\"twitter-tweet\" data-lang=\"es\"><p lang=\"es\" dir=\"ltr\"><a href=\"https:\/\/twitter.com\/hashtag\/OaxacaRojo?src=hash&amp;ref_src=twsrc%5Etfw\">#OaxacaRojo<\/a><br>Confirman una persona lesionada por arma blanca, identificada como Kevin Alan Cruz Rosas, de 20 a\u00f1os de edad, hechos ocurridos la tarde de hoy en una calle del barrio El Progreso de San Juan Chapultepec, ciudad de <a href=\"https:\/\/twitter.com\/hashtag\/Oaxaca?src=hash&amp;ref_src=twsrc%5Etfw\">#Oaxaca<\/a>. <a href=\"https:\/\/t.co\/hyne2nQV2X\">pic.twitter.com\/hyne2nQV2X<\/a><\/p>&mdash; Zona Roja Oaxaca (@MexRoja) <a href=\"https:\/\/twitter.com\/MexRoja\/status\/1158155848079892481?ref_src=twsrc%5Etfw\">4 de agosto de 2019<\/a><\/blockquote><\/div>\n<\/div><\/figure>\n","protected":false},"excerpt":{"rendered":"<p>Redacci\u00f3n\/Zona Roja. Oaxaca de Ju\u00e1rez, Oax., 5 de agosto de 2019.- Cuatro personas asesinadas a&hellip;<\/p>\n","protected":false},"author":2,"featured_media":2834,"comment_status":"closed","ping_status":"open","sticky":false,"template":"","format":"standard","meta":{"_lmt_disableupdate":"","_lmt_disable":"","_jetpack_memberships_contains_paid_content":false,"footnotes":""},"categories":[109,51],"tags":[481],"class_list":["post-2833","post","type-post","status-publish","format-standard","has-post-thumbnail","hentry","category-minuto-a-minuto","category-zona-roja","tag-asesinatos-domingo-en-oaxaca"],"jetpack_featured_media_url":"https:\/\/zonaroja.com.mx\/wp-content\/uploads\/2019\/08\/79de3d10-51b1-4eaa-bcb3-476d0d40eca4-1.jpg","jetpack_sharing_enabled":true,"_links":{"self":[{"href":"https:\/\/zonaroja.com.mx\/index.php?rest_route=\/wp\/v2\/posts\/2833","targetHints":{"allow":["GET"]}}],"collection":[{"href":"https:\/\/zonaroja.com.mx\/index.php?rest_route=\/wp\/v2\/posts"}],"about":[{"href":"https:\/\/zonaroja.com.mx\/index.php?rest_route=\/wp\/v2\/types\/post"}],"author":[{"embeddable":true,"href":"https:\/\/zonaroja.com.mx\/index.php?rest_route=\/wp\/v2\/users\/2"}],"replies":[{"embeddable":true,"href":"https:\/\/zonaroja.com.mx\/index.php?rest_route=%2Fwp%2Fv2%2Fcomments&post=2833"}],"version-history":[{"count":1,"href":"https:\/\/zonaroja.com.mx\/index.php?rest_route=\/wp\/v2\/posts\/2833\/revisions"}],"predecessor-version":[{"id":2835,"href":"https:\/\/zonaroja.com.mx\/index.php?rest_route=\/wp\/v2\/posts\/2833\/revisions\/2835"}],"wp:featuredmedia":[{"embeddable":true,"href":"https:\/\/zonaroja.com.mx\/index.php?rest_route=\/wp\/v2\/media\/2834"}],"wp:attachment":[{"href":"https:\/\/zonaroja.com.mx\/index.php?rest_route=%2Fwp%2Fv2%2Fmedia&parent=2833"}],"wp:term":[{"taxonomy":"category","embeddable":true,"href":"https:\/\/zonaroja.com.mx\/index.php?rest_route=%2Fwp%2Fv2%2Fcategories&post=2833"},{"taxonomy":"post_tag","embeddable":true,"href":"https:\/\/zonaroja.com.mx\/index.php?rest_route=%2Fwp%2Fv2%2Ftags&post=2833"}],"curies":[{"name":"wp","href":"https:\/\/api.w.org\/{rel}","templated":true}]}}