{"id":28333,"date":"2021-06-09T10:10:03","date_gmt":"2021-06-09T15:10:03","guid":{"rendered":"http:\/\/www.zonaroja.com.mx\/?p=28333"},"modified":"2021-06-09T10:11:28","modified_gmt":"2021-06-09T15:11:28","slug":"opinion-indestructible","status":"publish","type":"post","link":"https:\/\/zonaroja.com.mx\/?p=28333","title":{"rendered":"Opini\u00f3n. Indestructible"},"content":{"rendered":"\n<p>Gibr\u00e1n Ram\u00edrez Reyes*<\/p>\n\n\n\n<p>Las cosas han cambiado. Visto que 2018 no fue una anomal\u00eda, ya puede ir asumi\u00e9ndolo la oposici\u00f3n, bajar el volumen de la voz, y propiciar un nuevo acuerdo republicano.<\/p>\n\n\n\n<p>Lo que realmente se jugaba en esta jornada electoral era la medida del crecimiento de Morena. Hubo siempre un bloque dispuesto a la negaci\u00f3n m\u00e1s escandalosa, y sus voceros enunciaron una serie de fantas\u00edas que afortunadamente quedaron escritas, para recordarse siempre que haga falta.<\/p>\n\n\n\n<p>Est\u00e1, por ejemplo, una encuesta que se realiz\u00f3 a empresarios y que fue motivo de comentarios en marzo de este a\u00f1o, que mostraba que buena parte de los capitanes de grandes empresas pensaba que Morena y sus aliados no repetir\u00edan la mayor\u00eda absoluta, lo que algunos como Lourdes Mendoza \u2014Lady Chanel\u2014 celebraron.<\/p>\n\n\n\n<p>Estuvo tambi\u00e9n Mar\u00eda Amparo Casar, que en un sesudo an\u00e1lisis habl\u00f3 del escenario adverso para Morena y la posibilidad \u2014nunca antes vista\u2014 de cancelar las elecciones en M\u00e9xico por esa expectativa (de ella y de Claudio X. Gonz\u00e1lez).<\/p>\n\n\n\n<p>Ninguna fantas\u00eda de la mente calenturienta de las derechas se ha concretado. Si acaso, los errores de Mario Delgado al frente de Morena impidieron un crecimiento mucho mayor en la C\u00e1mara de Diputados del partido del Presidente.<\/p>\n\n\n\n<p>Si bien en marzo de este a\u00f1o los n\u00fameros de Morena rozaban la mayor\u00eda constitucional y se hablaba de una ventaja en 14 de 15 gubernaturas, los n\u00fameros que se prefiguran arrojan un resultado pr\u00e1cticamente igual al que se tuvo en 2018 en la C\u00e1mara de Diputados y, por lo menos, de la mitad de lo que estaba en disputa en los estados.<\/p>\n\n\n\n<p>Y esto ha sucedido despu\u00e9s de una campa\u00f1a permanente en medios de comunicaci\u00f3n, de la minor\u00eda de intelectuales p\u00fablicos a favor de la cuarta transformaci\u00f3n, de los gastos millonarios de campa\u00f1a, despu\u00e9s de todo, Morena crece bajo el impulso de la legitimidad del Presidente que se muestra hoy, como dijo hace muchos a\u00f1os para disgusto de sus adversarios, pol\u00edticamente indestructible.<\/p>\n\n\n\n<p>Tambi\u00e9n es cierto, para hablar con verdad, que el partido que gan\u00f3 no es el que posee la m\u00edstica de 2018, sino un aparato reformulado, m\u00e1s poblado de pragmatismo y de poderes reales, menos de izquierda y menos idealista \u2014y este triunfo marcar\u00e1 tambi\u00e9n su nueva fisonom\u00eda.<\/p>\n\n\n\n<p>El cambio es irreversible en nuestro sistema de partidos. Estamos ante un bipartidismo de facto. Los resultados en las gubernaturas \u2014salvo Nuevo Le\u00f3n\u2014 que se presumen todav\u00eda cerradas hasta el cierre de esta edici\u00f3n, son entre Morena (o en el caso de San Luis su aliado) y el representante m\u00e1s aventajado del bloque opositor.<\/p>\n\n\n\n<p>Se trata de un s\u00edntoma tambi\u00e9n del que podr\u00eda ser un bipartidismo formal en ciernes, si as\u00ed se decidiera en una reforma pol\u00edtica.<\/p>\n\n\n\n<p>Tiempo pasar\u00e1 para que en el imaginario p\u00fablico deje de pensarse en tres partidos equivalentes, donde PRI, PAN y Morena ocupan lugares simb\u00f3licamente similares, pues con estos bueyes hemos de arar de aqu\u00ed a 2024 \u2014quiz\u00e1 con alguno m\u00e1s\u2014, pero la realidad es que pertenecen ya a ligas distintas.<\/p>\n\n\n\n<p>En los medios de comunicaci\u00f3n, de hecho, se sigue hablando de ellos como los m\u00e1s importantes, aunque ninguno de dichos partidos valga ya m\u00e1s all\u00e1 de la mitad del nuevo partido democr\u00e1ticamente dominante.<\/p>\n\n\n\n<p>El intento de Movimiento Ciudadano ha fracasado tambi\u00e9n. Su suma a la alianza opositora no alcanza para darle la mayor\u00eda absoluta y esa condici\u00f3n los obligar\u00e1 a definirse, como en el llamado Bloque de Contenci\u00f3n en el Senado, como uno m\u00e1s de los partidos del antiobradorismo.<\/p>\n\n\n\n<p>*Doctor en ciencia pol\u00edtica por la UNAM.<\/p>\n","protected":false},"excerpt":{"rendered":"<p>Gibr\u00e1n Ram\u00edrez Reyes* Las cosas han cambiado. Visto que 2018 no fue una anomal\u00eda, ya&hellip;<\/p>\n","protected":false},"author":2,"featured_media":24099,"comment_status":"closed","ping_status":"open","sticky":false,"template":"","format":"standard","meta":{"_lmt_disableupdate":"","_lmt_disable":"","_jetpack_memberships_contains_paid_content":false,"footnotes":""},"categories":[456,109],"tags":[2489],"class_list":["post-28333","post","type-post","status-publish","format-standard","has-post-thumbnail","hentry","category-columna","category-minuto-a-minuto","tag-gibran-ramirez-reyes"],"jetpack_featured_media_url":"https:\/\/zonaroja.com.mx\/wp-content\/uploads\/2021\/02\/Gibran-Ramirez-Reyes.jpg","jetpack_sharing_enabled":true,"_links":{"self":[{"href":"https:\/\/zonaroja.com.mx\/index.php?rest_route=\/wp\/v2\/posts\/28333","targetHints":{"allow":["GET"]}}],"collection":[{"href":"https:\/\/zonaroja.com.mx\/index.php?rest_route=\/wp\/v2\/posts"}],"about":[{"href":"https:\/\/zonaroja.com.mx\/index.php?rest_route=\/wp\/v2\/types\/post"}],"author":[{"embeddable":true,"href":"https:\/\/zonaroja.com.mx\/index.php?rest_route=\/wp\/v2\/users\/2"}],"replies":[{"embeddable":true,"href":"https:\/\/zonaroja.com.mx\/index.php?rest_route=%2Fwp%2Fv2%2Fcomments&post=28333"}],"version-history":[{"count":2,"href":"https:\/\/zonaroja.com.mx\/index.php?rest_route=\/wp\/v2\/posts\/28333\/revisions"}],"predecessor-version":[{"id":28335,"href":"https:\/\/zonaroja.com.mx\/index.php?rest_route=\/wp\/v2\/posts\/28333\/revisions\/28335"}],"wp:featuredmedia":[{"embeddable":true,"href":"https:\/\/zonaroja.com.mx\/index.php?rest_route=\/wp\/v2\/media\/24099"}],"wp:attachment":[{"href":"https:\/\/zonaroja.com.mx\/index.php?rest_route=%2Fwp%2Fv2%2Fmedia&parent=28333"}],"wp:term":[{"taxonomy":"category","embeddable":true,"href":"https:\/\/zonaroja.com.mx\/index.php?rest_route=%2Fwp%2Fv2%2Fcategories&post=28333"},{"taxonomy":"post_tag","embeddable":true,"href":"https:\/\/zonaroja.com.mx\/index.php?rest_route=%2Fwp%2Fv2%2Ftags&post=28333"}],"curies":[{"name":"wp","href":"https:\/\/api.w.org\/{rel}","templated":true}]}}