{"id":28337,"date":"2021-06-09T12:06:54","date_gmt":"2021-06-09T17:06:54","guid":{"rendered":"https:\/\/www.zonaroja.com.mx\/?p=28337"},"modified":"2021-06-09T13:33:06","modified_gmt":"2021-06-09T18:33:06","slug":"salina-cruz-de-luto-exigen-justicia-para-guadalupe-abigail-suman-530-feminicidios","status":"publish","type":"post","link":"https:\/\/zonaroja.com.mx\/?p=28337","title":{"rendered":"Salina Cruz de luto, exigen justicia para Guadalupe Abigail; suman 530 feminicidios"},"content":{"rendered":"\n<p class=\"MsoNormal\">Evlin Arag\u00f3n\/Zona Roja.&nbsp;<\/p>\n\n\n\n<p class=\"MsoNormal\">Oa ac\u00e1 de Ju\u00e1rez, Oax., 9 de junio de 2021.- \u201cMi negrita chula, un beso hasta el cielo. Descansa en paz prima, que nosotros nos encargaremos de que esto no se quede impune. Lucharemos por hacerte justicia\u201d.&nbsp;&nbsp;<\/p>\n\n\n\n<p class=\"MsoNormal\">Son las sentidas palabras de Luz Amayrani Salmer\u00f3n, prima de Guadalupe Abigail, joven cuyo cuerpo sin vida fue localizado la noche de ayer en el municipio de Salina Cruz, tras haber sido reportada como desaparecida desde el pasado 2 de junio.&nbsp;&nbsp;<\/p>\n\n\n\n<p class=\"MsoNormal\">Fueron sus amistades, vecinos y familia quienes la buscaron durante toda una semana y la encontraron, lamentablemente sin vida.&nbsp;&nbsp;<\/p>\n\n\n\n<p class=\"MsoNormal\">As\u00ed qued\u00f3 de manifiesto luego de que los propios medios de comunicaci\u00f3n locales dieran a conocer que, previo a localizar el cuerpo de la joven, la familia y vecinos de la joven hab\u00edan localizado al novio de Guadalupe Abigail y un domicilio donde presuntamente la ten\u00eda retenida.&nbsp;<\/p>\n\n\n\n<p class=\"MsoNormal\">Por ello pidieron el apoyo de las autoridades para intervenir, sin embargo, de acuerdo con los testimonios, nadie acudi\u00f3 hasta que el cuerpo sin vida de Guadalupe Abigail fue localizado en un camino de terracer\u00eda, rumbo a La Ventosa.&nbsp;&nbsp;<\/p>\n\n\n\n<p class=\"MsoNormal\">Por lo anterior el colectivo feminista \u201cMujeres de la Sal\u201d refiri\u00f3 que la Fiscal\u00eda General de Oaxaca es c\u00f3mplice del feminicidio de la joven, de tan solo 19 a\u00f1os, toda vez que, a una semana de su desaparici\u00f3n, no pudo, ni quiso, dar con su paradero a tiempo.&nbsp;<\/p>\n\n\n\n<p class=\"MsoNormal\">Ello pese a que la familia dio parte de la desaparici\u00f3n de la joven, prueba de ello la existencia de una ficha de b\u00fasqueda emitida por la autoridad correspondiente, acci\u00f3n que se ha convertido en lo \u00fanico que realiza la Fiscal\u00eda ante la constante desaparici\u00f3n de j\u00f3venes.&nbsp;&nbsp;<\/p>\n\n\n\n<p class=\"MsoNormal\">\u201cNosotras tenemos clara dos cosas: a Abigail la mataron y la Fiscal\u00eda fue c\u00f3mplice\u201d, refiere el colectivo.&nbsp;&nbsp;<\/p>\n\n\n\n<p class=\"MsoNormal\">Por el feminicidio de la joven, familiares y poblaci\u00f3n en general han convocado a una marcha pac\u00edfica&nbsp;este mi\u00e9rcoles&nbsp;en punto&nbsp;de las cinco de la tarde, la cual pretenden hacer llegar al palacio municipal de Salina Cruz en donde exigir\u00e1n castigo a los responsables, no m\u00e1s impunidad y ni una asesinada m\u00e1s.&nbsp;&nbsp;<\/p>\n\n\n\n<p class=\"MsoNormal\">\u201cAy&nbsp;mi ni\u00f1a hermosa espero que descanses en paz y que tu muerte no sea en vano y que, as\u00ed como t\u00fa ya no haya m\u00e1s. Desde ac\u00e1 haremos lo posible por hacer justicia por ti y todas las mujeres que ya fueron o est\u00e1n en esa situaci\u00f3n para que ya no haya ni una m\u00e1s\u201d, dijo Nathasha Jacinto Torres, en su Facebook&nbsp;<\/p>\n\n\n\n<p class=\"MsoNormal\">Guadalupe Abigail fue reportada como desaparecida despu\u00e9s de haber participado en la jornada electoral, entregando volantes de un partido pol\u00edtico en Salina Cruz; de acuerdo con el testimonio fue vista por \u00faltima vez en compa\u00f1\u00eda de su novio cerca de un conocido establecimiento de comida en la colonia Soledad.&nbsp;&nbsp;<\/p>\n\n\n\n<p class=\"MsoNormal\">CRECIENTES FEMINICIDIOS&nbsp;<\/p>\n\n\n\n<p class=\"MsoNormal\">Se trata de la v\u00edctima n\u00famero 530 de la violencia feminicida en Oaxaca, que no hace m\u00e1s que crecer ante la desidia por parte de las autoridades municipales y estatales, que minimizan la desaparici\u00f3n de mujeres y dejan de lado los protocolos de b\u00fasqueda.&nbsp;&nbsp;<\/p>\n\n\n\n<p class=\"MsoNormal\">El feminicidio de \u201cLupita\u201d es el n\u00famero 35 de este 2021, y es el Istmo de Tehuantepec la regi\u00f3n m\u00e1s peligrosa para las mujeres, al registrar la mayor cantidad de feminicidios de acuerdo con el seguimiento hemerogr\u00e1fico que realiza el Centro de Documentaci\u00f3n del Grupo de Estudios sobre la Mujer \u201cRosario Castellanos\u201d.&nbsp;<\/p>\n\n\n\n<p class=\"MsoNormal\">En el cuerpo de la joven se repite el patr\u00f3n de violencia e impactos de arma de fuego que, lamentablemente, se ha vuelto una constante en los asesinatos violentos de mujeres que por ley deben investigarse como feminicidios. <\/p>\n","protected":false},"excerpt":{"rendered":"<p>Evlin Arag\u00f3n\/Zona Roja.&nbsp; Oa ac\u00e1 de Ju\u00e1rez, Oax., 9 de junio de 2021.- \u201cMi negrita&hellip;<\/p>\n","protected":false},"author":2,"featured_media":28336,"comment_status":"closed","ping_status":"open","sticky":false,"template":"","format":"standard","meta":{"_lmt_disableupdate":"","_lmt_disable":"","_jetpack_memberships_contains_paid_content":false,"footnotes":""},"categories":[109,51],"tags":[1081],"class_list":["post-28337","post","type-post","status-publish","format-standard","has-post-thumbnail","hentry","category-minuto-a-minuto","category-zona-roja","tag-feminicidios-en-oaxaca"],"jetpack_featured_media_url":"https:\/\/zonaroja.com.mx\/wp-content\/uploads\/2021\/06\/c12183a0-c74b-4825-b524-b0757d444610.jpg","jetpack_sharing_enabled":true,"_links":{"self":[{"href":"https:\/\/zonaroja.com.mx\/index.php?rest_route=\/wp\/v2\/posts\/28337","targetHints":{"allow":["GET"]}}],"collection":[{"href":"https:\/\/zonaroja.com.mx\/index.php?rest_route=\/wp\/v2\/posts"}],"about":[{"href":"https:\/\/zonaroja.com.mx\/index.php?rest_route=\/wp\/v2\/types\/post"}],"author":[{"embeddable":true,"href":"https:\/\/zonaroja.com.mx\/index.php?rest_route=\/wp\/v2\/users\/2"}],"replies":[{"embeddable":true,"href":"https:\/\/zonaroja.com.mx\/index.php?rest_route=%2Fwp%2Fv2%2Fcomments&post=28337"}],"version-history":[{"count":1,"href":"https:\/\/zonaroja.com.mx\/index.php?rest_route=\/wp\/v2\/posts\/28337\/revisions"}],"predecessor-version":[{"id":28338,"href":"https:\/\/zonaroja.com.mx\/index.php?rest_route=\/wp\/v2\/posts\/28337\/revisions\/28338"}],"wp:featuredmedia":[{"embeddable":true,"href":"https:\/\/zonaroja.com.mx\/index.php?rest_route=\/wp\/v2\/media\/28336"}],"wp:attachment":[{"href":"https:\/\/zonaroja.com.mx\/index.php?rest_route=%2Fwp%2Fv2%2Fmedia&parent=28337"}],"wp:term":[{"taxonomy":"category","embeddable":true,"href":"https:\/\/zonaroja.com.mx\/index.php?rest_route=%2Fwp%2Fv2%2Fcategories&post=28337"},{"taxonomy":"post_tag","embeddable":true,"href":"https:\/\/zonaroja.com.mx\/index.php?rest_route=%2Fwp%2Fv2%2Ftags&post=28337"}],"curies":[{"name":"wp","href":"https:\/\/api.w.org\/{rel}","templated":true}]}}