{"id":28339,"date":"2021-06-09T16:01:52","date_gmt":"2021-06-09T21:01:52","guid":{"rendered":"http:\/\/www.zonaroja.com.mx\/?p=28339"},"modified":"2021-06-09T16:02:16","modified_gmt":"2021-06-09T21:02:16","slug":"cuatro-estados-entre-ellos-oaxaca-concentran-la-mitad-de-asesinatos-politicos-en-el-pais","status":"publish","type":"post","link":"https:\/\/zonaroja.com.mx\/?p=28339","title":{"rendered":"Cuatro estados, entre ellos Oaxaca, concentran la mitad de asesinatos pol\u00edticos en el pa\u00eds"},"content":{"rendered":"\n<p>Redacci\u00f3n\/Estado 20.<\/p>\n\n\n\n<p>Oaxaca de Ju\u00e1rez, Oax., 9 de junio de 2021.- La mitad de los asesinatos en el proceso electoral reciente ocurrieron en cuatro estados del sureste de M\u00e9xico, entre ellos, Veracruz el cual registra 18 v\u00edctimas mortales, Chiapas 12, Oaxaca 11 y Guerrero 8.<\/p>\n\n\n\n<p>Lo anterior, seg\u00fan la estad\u00edstica de Etellekt Consultores, la cual refiere que el 75% de las v\u00edctimas del total de delitos y homicidios dolosos registrados eran opositoras a los gobiernos estatales.<\/p>\n\n\n\n<p>De los aspirantes a cargos de elecci\u00f3n municipales, el 90% eran a su vez opositores a los alcaldes de sus respectivos municipios donde compet\u00edan\u201d, detalla el S\u00e9ptimo Informe de Violencia Pol\u00edtica (IVP) de la consultora.<\/p>\n\n\n\n<p>Hasta las 12:00 horas del domingo 6 de junio, el IVP hab\u00eda registrado un total de 935 agresiones o delitos globales, con un saldo de 100 pol\u00edticos asesinados.<\/p>\n\n\n\n<p>De ellos 36 eran aspirantes o candidatos con registro ante sus partidos, una cifra alta comparada con la del proceso electoral 2017-2018 donde fallecieron por ese tipo de atentados 152 personas de los cuales 48 eran aspirantes o candidatos.<\/p>\n\n\n\n<p>Seg\u00fan el monitoreo de Consultores Integralia, los partidos se han visto m\u00e1s afectados por asesinatos de integrantes son Morena con el 19%, PRI con el 14% y PAN con 13%, as\u00ed como representantes de partidos locales con el 20%. A lectura de Integralia, se trata de una reducci\u00f3n de la violencia electoral de 40% con respecto al proceso electoral de 2017-2018.<\/p>\n","protected":false},"excerpt":{"rendered":"<p>Redacci\u00f3n\/Estado 20. Oaxaca de Ju\u00e1rez, Oax., 9 de junio de 2021.- La mitad de los&hellip;<\/p>\n","protected":false},"author":2,"featured_media":28340,"comment_status":"closed","ping_status":"open","sticky":false,"template":"","format":"standard","meta":{"_lmt_disableupdate":"","_lmt_disable":"","_jetpack_memberships_contains_paid_content":false,"footnotes":""},"categories":[109,47],"tags":[1171],"class_list":["post-28339","post","type-post","status-publish","format-standard","has-post-thumbnail","hentry","category-minuto-a-minuto","category-zona-gris","tag-etellekt-consultores"],"jetpack_featured_media_url":"https:\/\/zonaroja.com.mx\/wp-content\/uploads\/2021\/06\/Etkellet-violencia-politica.png","jetpack_sharing_enabled":true,"_links":{"self":[{"href":"https:\/\/zonaroja.com.mx\/index.php?rest_route=\/wp\/v2\/posts\/28339","targetHints":{"allow":["GET"]}}],"collection":[{"href":"https:\/\/zonaroja.com.mx\/index.php?rest_route=\/wp\/v2\/posts"}],"about":[{"href":"https:\/\/zonaroja.com.mx\/index.php?rest_route=\/wp\/v2\/types\/post"}],"author":[{"embeddable":true,"href":"https:\/\/zonaroja.com.mx\/index.php?rest_route=\/wp\/v2\/users\/2"}],"replies":[{"embeddable":true,"href":"https:\/\/zonaroja.com.mx\/index.php?rest_route=%2Fwp%2Fv2%2Fcomments&post=28339"}],"version-history":[{"count":1,"href":"https:\/\/zonaroja.com.mx\/index.php?rest_route=\/wp\/v2\/posts\/28339\/revisions"}],"predecessor-version":[{"id":28341,"href":"https:\/\/zonaroja.com.mx\/index.php?rest_route=\/wp\/v2\/posts\/28339\/revisions\/28341"}],"wp:featuredmedia":[{"embeddable":true,"href":"https:\/\/zonaroja.com.mx\/index.php?rest_route=\/wp\/v2\/media\/28340"}],"wp:attachment":[{"href":"https:\/\/zonaroja.com.mx\/index.php?rest_route=%2Fwp%2Fv2%2Fmedia&parent=28339"}],"wp:term":[{"taxonomy":"category","embeddable":true,"href":"https:\/\/zonaroja.com.mx\/index.php?rest_route=%2Fwp%2Fv2%2Fcategories&post=28339"},{"taxonomy":"post_tag","embeddable":true,"href":"https:\/\/zonaroja.com.mx\/index.php?rest_route=%2Fwp%2Fv2%2Ftags&post=28339"}],"curies":[{"name":"wp","href":"https:\/\/api.w.org\/{rel}","templated":true}]}}