{"id":28342,"date":"2021-06-09T16:17:29","date_gmt":"2021-06-09T21:17:29","guid":{"rendered":"http:\/\/www.zonaroja.com.mx\/?p=28342"},"modified":"2021-06-09T16:17:34","modified_gmt":"2021-06-09T21:17:34","slug":"preocupa-a-kamala-harris-creciente-trafico-de-fentanilo-en-mexico","status":"publish","type":"post","link":"https:\/\/zonaroja.com.mx\/?p=28342","title":{"rendered":"Preocupa a Kamala Harris creciente tr\u00e1fico de fentanilo en M\u00e9xico"},"content":{"rendered":"\n<p>Redacci\u00f3n\/Zona Roja Cdmx.<\/p>\n\n\n\n<p>Ciudad de M\u00e9xico, 9 de junio de 2021.- Es necesario que M\u00e9xico frene el tr\u00e1fico de fentanilo proveniente de China que entra por sus puertos, asever\u00f3 la vicepresidenta de Estados Unidos, Kamala Harris.<\/p>\n\n\n\n<p>Al comparecer ante los medios, la funcionaria estadounidense asegur\u00f3 que su visita a la Ciudad de M\u00e9xico fue \u201cun \u00e9xito\u201d y revel\u00f3 que alcanz\u00f3 un acuerdo con el Presidente Andr\u00e9s Manuel L\u00f3pez Obrador para, adem\u00e1s de detener el contrabando y el tr\u00e1fico de armas, atender el tr\u00e1fico de fentanilo.<\/p>\n\n\n\n<p>\u201cHablamos de acuerdos en torno a seguridad, el contrabando, del tr\u00e1fico de armas, del narcotr\u00e1fico, hablamos espec\u00edficamente del fentanilo y de la necesidad de seguridad en los puertos de M\u00e9xico, en lo que est\u00e1 trabajando el Presidente\u201d, se\u00f1al\u00f3.<\/p>\n\n\n\n<p>\u201cY que luego de entrar a M\u00e9xico entra a Estados Unidos y la prensa de Estados Unidos sabr\u00e1 el da\u00f1o que ha causado cuando se convierte en opioides y los estragos que ha causado en nuestro pa\u00eds, la interconexi\u00f3n y la interdependencia\u201d, dijo.<\/p>\n\n\n\n<p>Inform\u00f3 que visitar\u00e1 la frontera de Estados Unidos con M\u00e9xico y puso \u00e9nfasis en la necesidad de priorizar la atenci\u00f3n de las causas de la migraci\u00f3n: \u201cMe parece miope que los que estamos dedicados a resolver problemas digamos que vamos a responder \u00fanicamente a la reacci\u00f3n en vez de abordar la causa\u201d.<\/p>\n\n\n\n<p>Refiri\u00f3 que desde hace dos meses se ha reunido con directores de las m\u00e1s grandes empresas estadounidenses y organizaciones filantr\u00f3picas para que participen en una alianza p\u00fablico-privada con el gobierno de Joe Biden para crear posibilidades econ\u00f3micas para Centroam\u00e9rica y detener la migraci\u00f3n.<\/p>\n\n\n\n<p>Antes, Harris sostuvo un encuentro con Ingrid Orozco, CEO de ULead International; Paula Santilli, CEO de PepsiCo Latin America; Michelle Ferrari, presidenta del WEF Iberoam\u00e9rica; Frissia Monsiv\u00e1is, fundadora y presidenta de We.Men, y Odile Cort\u00e9s, CEO y fundadora de IntegraRSE.<\/p>\n\n\n\n<p>Ah\u00ed, la vicepresidenta de Estados Unidos destac\u00f3 que \u201ctodav\u00eda tenemos mucho por hacer en t\u00e9rminos de equidad en cuanto al salario y, sobre todo, si hacemos tambi\u00e9n un an\u00e1lisis del ingreso de la mujer por razas\u201d.<\/p>\n\n\n\n<p>Por otro lado, se reuni\u00f3 con In\u00e9s Gonz\u00e1lez, fundadora de la Red de Mujeres Sindicalistas; el abogado laboral Arturo Alcalde; Pedro Am\u00e9rico Furtado, representante para M\u00e9xico y Cuba de la Organizaci\u00f3n Internacional del Trabajo (OIT), entre otros.<\/p>\n\n\n\n<p>Destac\u00f3 que Estados Unidos invertir\u00e1 130 millones de d\u00f3lares en M\u00e9xico para la asistencia y la cooperaci\u00f3n t\u00e9cnica en los pr\u00f3ximos tres a\u00f1os para implementar una reforma laboral.<\/p>\n\n\n\n<p>MEMOR\u00c1NDUM<\/p>\n\n\n\n<p>Los gobiernos de M\u00e9xico y Estados Unidos firmaron un memor\u00e1ndum de entendimiento para la cooperaci\u00f3n para atender las causas de la migraci\u00f3n en Centroam\u00e9rica, en el marco del encuentro de Kamala Harris, vicepresidenta de Estados Unidos, con el presidente Andr\u00e9s Manuel L\u00f3pez Obrador.<\/p>\n\n\n\n<p>A las 10:00 horas, sin cubrebocas, con la mano en el coraz\u00f3n y con un tropiezo al decirle: \u201cPresidente, Kabala, mucho gusto\u201d, fue como recibi\u00f3 el Presidente mexicano a la vicepresidenta en Palacio Nacional.<\/p>\n\n\n\n<p>Ambos se condujeron hasta el Patio Central, decorado con pendones de ambas banderas, donde fueron testigos de la firma del memor\u00e1ndum de entendimiento entre la Secretar\u00eda de Relaciones Exteriores y la Agencia de Estados Unidos de Am\u00e9rica para el Desarrollo Internacional, el cual signaron el canciller Marcelo Ebrard y John S. Creamer, encargado de Negocios de Estados Unidos.<\/p>\n\n\n\n<p>Tras el acto, el Presidente explic\u00f3 a Harris el mural de Diego Rivera que se ubica en el Patio Central.<\/p>\n\n\n\n<p>\u201cVamos a hablar con la vicepresidenta, nos da mucho gusto que nos visite, y vamos a hablar del tema migratorio pero atendiendo las causas en lo fundamental\u201d, expres\u00f3 el Ejecutivo mexicano.<\/p>\n\n\n\n<p>Los funcionarios sostuvieron una reuni\u00f3n privada y el mandatario mexicano dio un recorrido a Harris por los espacios m\u00e1s emblem\u00e1ticos de Palacio Nacional. L\u00f3pez Obrador destac\u00f3, mediante Twitter, que se trat\u00f3 de una reuni\u00f3n grata: \u201cEl encuentro con la vicepresidenta de Estados Unidos, Kamala Harris, fue trascendente, ben\u00e9fico para nuestros pueblos y muy agradable\u201d.<\/p>\n\n\n\n<p>En Twitter, Kamala Harris resalt\u00f3 que el pacto firmado \u201cdescribe c\u00f3mo nuestras naciones trabajan juntas para a bordar las causas profundas de la migraci\u00f3n\u201d.<\/p>\n\n\n\n<p>Y agreg\u00f3 que habl\u00f3 con L\u00f3pez Obrador \u201csobre nuestros intereses compartidos en seguridad, econom\u00eda, vacunas y migraci\u00f3n\u201d.<\/p>\n\n\n\n<p>(Informaci\u00f3n de \u201cEl Financiero\u201d)<\/p>\n","protected":false},"excerpt":{"rendered":"<p>Redacci\u00f3n\/Zona Roja Cdmx. Ciudad de M\u00e9xico, 9 de junio de 2021.- Es necesario que M\u00e9xico&hellip;<\/p>\n","protected":false},"author":2,"featured_media":28343,"comment_status":"closed","ping_status":"open","sticky":false,"template":"","format":"standard","meta":{"_lmt_disableupdate":"","_lmt_disable":"","_jetpack_memberships_contains_paid_content":false,"footnotes":""},"categories":[109,46],"tags":[2187],"class_list":["post-28342","post","type-post","status-publish","format-standard","has-post-thumbnail","hentry","category-minuto-a-minuto","category-zona-blanca","tag-kamala-harris"],"jetpack_featured_media_url":"https:\/\/zonaroja.com.mx\/wp-content\/uploads\/2021\/06\/Kamala-Harris-en-Mexico.jpg","jetpack_sharing_enabled":true,"_links":{"self":[{"href":"https:\/\/zonaroja.com.mx\/index.php?rest_route=\/wp\/v2\/posts\/28342","targetHints":{"allow":["GET"]}}],"collection":[{"href":"https:\/\/zonaroja.com.mx\/index.php?rest_route=\/wp\/v2\/posts"}],"about":[{"href":"https:\/\/zonaroja.com.mx\/index.php?rest_route=\/wp\/v2\/types\/post"}],"author":[{"embeddable":true,"href":"https:\/\/zonaroja.com.mx\/index.php?rest_route=\/wp\/v2\/users\/2"}],"replies":[{"embeddable":true,"href":"https:\/\/zonaroja.com.mx\/index.php?rest_route=%2Fwp%2Fv2%2Fcomments&post=28342"}],"version-history":[{"count":1,"href":"https:\/\/zonaroja.com.mx\/index.php?rest_route=\/wp\/v2\/posts\/28342\/revisions"}],"predecessor-version":[{"id":28344,"href":"https:\/\/zonaroja.com.mx\/index.php?rest_route=\/wp\/v2\/posts\/28342\/revisions\/28344"}],"wp:featuredmedia":[{"embeddable":true,"href":"https:\/\/zonaroja.com.mx\/index.php?rest_route=\/wp\/v2\/media\/28343"}],"wp:attachment":[{"href":"https:\/\/zonaroja.com.mx\/index.php?rest_route=%2Fwp%2Fv2%2Fmedia&parent=28342"}],"wp:term":[{"taxonomy":"category","embeddable":true,"href":"https:\/\/zonaroja.com.mx\/index.php?rest_route=%2Fwp%2Fv2%2Fcategories&post=28342"},{"taxonomy":"post_tag","embeddable":true,"href":"https:\/\/zonaroja.com.mx\/index.php?rest_route=%2Fwp%2Fv2%2Ftags&post=28342"}],"curies":[{"name":"wp","href":"https:\/\/api.w.org\/{rel}","templated":true}]}}