{"id":28345,"date":"2021-06-09T16:26:51","date_gmt":"2021-06-09T21:26:51","guid":{"rendered":"http:\/\/www.zonaroja.com.mx\/?p=28345"},"modified":"2021-06-09T16:26:54","modified_gmt":"2021-06-09T21:26:54","slug":"fuera-catem-de-santa-rosa-panzacola-cobra-piso-denuncian-vecinos","status":"publish","type":"post","link":"https:\/\/zonaroja.com.mx\/?p=28345","title":{"rendered":"Fuera CATEM de Santa Rosa Panzacola; \u201ccobra piso\u201d, denuncian vecinos"},"content":{"rendered":"\n<p>Evlin Arag\u00f3n\/Zona Roja.<\/p>\n\n\n\n<p>Oaxaca de Ju\u00e1rez, Oax., 9 de junio de 2021.- Integrantes de Comvives Unidos en contra de las Injusticias, se manifestaron este mi\u00e9rcoles en el z\u00f3calo de la ciudad para hacer un llamado al gobierno de Oaxaca y la Fiscal\u00eda General de Justicia, a fin de que atienda la violencia generada en la demarcaci\u00f3n por la Confederaci\u00f3n Aut\u00f3noma de Trabajadores y Empleados de M\u00e9xico (CATEM).<\/p>\n\n\n\n<p>\u201cNosotros no somos generadores de violencia, nosotros no estamos aqu\u00ed cubriendo intereses de alguna persona, solo representamos a los vecinos que habitan la zona y buscan vivir en paz\u201d, refirieron en conferencia de prensa en el z\u00f3calo de la capital.&nbsp;<\/p>\n\n\n\n<p>Explicaron que, desde hace meses, el \u00edndice de violencia ha aumentado en la agencia de Santa Rosa Panzacola, incluso existen denuncias por parte de comerciantes de la zona que han sido v\u00edctimas del \u201ccobro de piso\u201d por parte de la gremial, respaldo del Partido Fuerza por M\u00e9xico.<\/p>\n\n\n\n<p>As\u00ed mismo, la imposici\u00f3n del aumento en el pasaje de las unidades de transporte adheridas a la CATEM, el cual va de los ocho a los 20 pesos, ello sin el aval de la Secretar\u00eda de Movilidad (Semovi), que no ha autorizado modificaciones en el cobro del servicio.\u00a0<\/p>\n\n\n\n<figure class=\"wp-block-embed-twitter wp-block-embed is-type-rich is-provider-twitter\"><div class=\"wp-block-embed__wrapper\">\n<div class=\"twitter-tweet\"><blockquote class=\"twitter-tweet\" data-lang=\"es\"><p lang=\"es\" dir=\"ltr\">\u00a1Fuera organizaci\u00f3n delictiva <a href=\"https:\/\/twitter.com\/CatemNacional?ref_src=twsrc%5Etfw\">@CatemNacional<\/a> de Santa Rosa Panzacola!, exigen vecinos de esa agencia municipal de <a href=\"https:\/\/twitter.com\/hashtag\/Oaxaca?src=hash&amp;ref_src=twsrc%5Etfw\">#Oaxaca<\/a> de Ju\u00e1rez.<br>Denuncian nula vigilancia de la polic\u00eda municipal.<br>Exige a la <a href=\"https:\/\/twitter.com\/FISCALIA_GobOax?ref_src=twsrc%5Etfw\">@FISCALIA_GobOax<\/a> y a la <a href=\"https:\/\/twitter.com\/SSP_GobOax?ref_src=twsrc%5Etfw\">@SSP_GobOax<\/a>, apoyo y justicia <a href=\"https:\/\/t.co\/aZty6qqkBE\">pic.twitter.com\/aZty6qqkBE<\/a><\/p>&mdash; Zona Roja Oaxaca (@Zona_Roja_Oax) <a href=\"https:\/\/twitter.com\/Zona_Roja_Oax\/status\/1402639422034792449?ref_src=twsrc%5Etfw\">9 de junio de 2021<\/a><\/blockquote><\/div>\n<\/div><\/figure>\n\n\n\n<p>Por lo anterior, solicitaron el respaldo del gobernador de Oaxaca, Alejandro Murat Hinojosa, a fin de que instruya a la Fiscal\u00eda, a cargo de Arturo Peimbert, para que intervenga, ya que la violencia en la zona ha aumentado desde el pasado primero de junio que integrantes de la gremial se enfrentaron con los mototaxistas.&nbsp;<\/p>\n\n\n\n<p>Lo hicieron a trav\u00e9s de un escrito en el cual una de las principales demandas es sacar al CATEM de la zona y del servicio del transporte debido a los actos de extorsi\u00f3n, cobro de piso, amenazas y violencia que generan.<\/p>\n\n\n\n<p>As\u00ed mismo, girar \u00f3rdenes de aprensi\u00f3n para quienes resulten responsables del cobarde y violento ataque que sufri\u00f3 el presidente del Comvive de la colonia Loma Bonita y algunas otras personas en el sitio de taxis que se encuentra frente a la Bodega Aurrera de Santa Rosa.&nbsp;&nbsp;<\/p>\n\n\n\n<p>Tambi\u00e9n pidieron reforzar la seguridad en las colonias del Sector II de la agencia antes citada, as\u00ed como un m\u00f3dulo de polic\u00eda en el sitio de taxis ubicado a las afueras de la tienda departamental que se ha convertido en un foco rojo.&nbsp;<\/p>\n\n\n\n<p>\u201cExhortamos a que act\u00faen de inmediato ante estos actos de arbitrariedad, no podemos permitir que sean violentados los derechos humanos de los colonos ante las agresiones f\u00edsicas y verbales de las cuales est\u00e1n siendo v\u00edctimas los mototaxistas de la zona\u201d, indicaron.&nbsp;<\/p>\n\n\n\n<p>Las y los vecinos, reconocieron sentir miedo de la reacci\u00f3n que tenga la gremial, raz\u00f3n por la que responsabilizaron al gobernador y al presidente municipal Oswaldo Garc\u00eda Jarqu\u00edn de la violencia y los da\u00f1os a la integridad de quienes habitan en la agencia municipal, debido a que ya es de conocimiento la situaci\u00f3n y por tanto tiene que actuar en consecuencia.&nbsp;<\/p>\n\n\n\n<p>En la conferencia estuvieron presentes representantes de las colonias: Heladio, 10 de Abril, Lomas de San Jacinto, del Maestro y Loma Bonita.<\/p>\n","protected":false},"excerpt":{"rendered":"<p>Evlin Arag\u00f3n\/Zona Roja. Oaxaca de Ju\u00e1rez, Oax., 9 de junio de 2021.- Integrantes de Comvives&hellip;<\/p>\n","protected":false},"author":2,"featured_media":28346,"comment_status":"closed","ping_status":"open","sticky":false,"template":"","format":"standard","meta":{"_lmt_disableupdate":"","_lmt_disable":"","_jetpack_memberships_contains_paid_content":false,"footnotes":""},"categories":[109,47],"tags":[2732],"class_list":["post-28345","post","type-post","status-publish","format-standard","has-post-thumbnail","hentry","category-minuto-a-minuto","category-zona-gris","tag-santa-rosa-panzacola"],"jetpack_featured_media_url":"https:\/\/zonaroja.com.mx\/wp-content\/uploads\/2021\/06\/Conferencia-Santa-Rosa-panzacola.jpg","jetpack_sharing_enabled":true,"_links":{"self":[{"href":"https:\/\/zonaroja.com.mx\/index.php?rest_route=\/wp\/v2\/posts\/28345","targetHints":{"allow":["GET"]}}],"collection":[{"href":"https:\/\/zonaroja.com.mx\/index.php?rest_route=\/wp\/v2\/posts"}],"about":[{"href":"https:\/\/zonaroja.com.mx\/index.php?rest_route=\/wp\/v2\/types\/post"}],"author":[{"embeddable":true,"href":"https:\/\/zonaroja.com.mx\/index.php?rest_route=\/wp\/v2\/users\/2"}],"replies":[{"embeddable":true,"href":"https:\/\/zonaroja.com.mx\/index.php?rest_route=%2Fwp%2Fv2%2Fcomments&post=28345"}],"version-history":[{"count":1,"href":"https:\/\/zonaroja.com.mx\/index.php?rest_route=\/wp\/v2\/posts\/28345\/revisions"}],"predecessor-version":[{"id":28347,"href":"https:\/\/zonaroja.com.mx\/index.php?rest_route=\/wp\/v2\/posts\/28345\/revisions\/28347"}],"wp:featuredmedia":[{"embeddable":true,"href":"https:\/\/zonaroja.com.mx\/index.php?rest_route=\/wp\/v2\/media\/28346"}],"wp:attachment":[{"href":"https:\/\/zonaroja.com.mx\/index.php?rest_route=%2Fwp%2Fv2%2Fmedia&parent=28345"}],"wp:term":[{"taxonomy":"category","embeddable":true,"href":"https:\/\/zonaroja.com.mx\/index.php?rest_route=%2Fwp%2Fv2%2Fcategories&post=28345"},{"taxonomy":"post_tag","embeddable":true,"href":"https:\/\/zonaroja.com.mx\/index.php?rest_route=%2Fwp%2Fv2%2Ftags&post=28345"}],"curies":[{"name":"wp","href":"https:\/\/api.w.org\/{rel}","templated":true}]}}