{"id":28351,"date":"2021-06-09T20:40:11","date_gmt":"2021-06-10T01:40:11","guid":{"rendered":"http:\/\/www.zonaroja.com.mx\/?p=28351"},"modified":"2021-06-09T20:40:15","modified_gmt":"2021-06-10T01:40:15","slug":"seguridad-para-nuestras-hijas-castigo-a-culpables-el-grito-en-salina-cruz","status":"publish","type":"post","link":"https:\/\/zonaroja.com.mx\/?p=28351","title":{"rendered":"\u201c\u00a1Seguridad para nuestras hijas!\u201d, \u201c\u00a1castigo a culpables!\u201d, el grito en Salina Cruz"},"content":{"rendered":"\n<p>Evlin Arag\u00f3n\/Zona Roja.<\/p>\n\n\n\n<p>Oaxaca de Ju\u00e1rez, Oax., 9 de junio de 2021.- Al grito de \u201c\u00a1justicia, justicia para Abigail!\u201d, cientos de personas, en su mayor\u00eda mujeres, marcharon por las principales calles del municipio de Salina Cruz, Oaxaca, para manifestar su rechazo a la violencia feminicida que le arrebat\u00f3 la vida a la joven Guadalupe Abigail.&nbsp;<\/p>\n\n\n\n<p>\u201c\u00a1Seguridad para nuestras hijas\u201d\u201d, \u201c\u00a1castigo para los culpables!\u201d, \u201c\u00a1se\u00f1or, se\u00f1ora no sea indiferente, se mata a las mujeres en la cara de la gente!\u201d, fueron otras de las consignas que se escucharon en el trayecto de la marcha que concluy\u00f3 en el parque central del puerto, frente al palacio municipal.<\/p>\n\n\n\n<p>Ni la lluvia impidi\u00f3 que el grito de justicia se escuchara fuerte y claro, por el contrario, solo hizo falta un poco de resguardo para que las y los asistentes a la protesta continuaran con la exigencia de castigo a los responsables del crimen que enlut\u00f3 a la localidad.<\/p>\n\n\n\n<p>De acuerdo con integrante del colectivo \u201cMujeres de la Sal\u201d, fue la negligencia de las autoridades municipales y de la Fiscal\u00eda la que deriv\u00f3 en el feminicidio de Abigail, toda vez que no activaron los protocolos de b\u00fasqueda desde el momento del reporte de la desaparici\u00f3n de la joven.\u00a0<\/p>\n\n\n\n<figure class=\"wp-block-embed-twitter wp-block-embed is-type-rich is-provider-twitter\"><div class=\"wp-block-embed__wrapper\">\n<div class=\"twitter-tweet\"><blockquote class=\"twitter-tweet\" data-lang=\"es\"><p lang=\"es\" dir=\"ltr\"><a href=\"https:\/\/twitter.com\/hashtag\/%C3%9AltimoMinuto?src=hash&amp;ref_src=twsrc%5Etfw\">#\u00daltimoMinuto<\/a> <br>&quot;\u00a1Ni una menos! \u00a1Destituyan a ese fiscal (<a href=\"https:\/\/twitter.com\/FISCALIA_GobOax?ref_src=twsrc%5Etfw\">@FISCALIA_GobOax<\/a>) corrupto que no act\u00faa!\u201d, las exigencias hoy en Salina Cruz, Oaxaca, para exigir <a href=\"https:\/\/twitter.com\/hashtag\/JusticiaParaGuadalupeAbigail?src=hash&amp;ref_src=twsrc%5Etfw\">#JusticiaParaGuadalupeAbigail<\/a>. <br><br>Video: <a href=\"https:\/\/twitter.com\/edwin_meneses81?ref_src=twsrc%5Etfw\">@edwin_meneses81<\/a>. <a href=\"https:\/\/t.co\/RrOkRQ0Khp\">pic.twitter.com\/RrOkRQ0Khp<\/a><\/p>&mdash; Zona Roja Oaxaca (@Zona_Roja_Oax) <a href=\"https:\/\/twitter.com\/Zona_Roja_Oax\/status\/1402791902169243648?ref_src=twsrc%5Etfw\">10 de junio de 2021<\/a><\/blockquote><\/div>\n<\/div><\/figure>\n\n\n\n<p>Explicaron que fue la familia la que inici\u00f3 y concluy\u00f3 la b\u00fasqueda de la joven, previo a la localizaci\u00f3n del cuerpo identificaron la vivienda del novio de la joven, quien bajo los influjos de las drogas declar\u00f3 que la hab\u00eda vendido para obtener m\u00e1s estupefacientes, lo cual debi\u00f3 de haber de alertado a los elementos de la Polic\u00eda Municipal que se dieron en el lugar.<\/p>\n\n\n\n<p>\u201cNo hicieron nada. Lo dejaron libre pese a la declaraci\u00f3n que hab\u00eda realizado y tras haber sido la \u00faltima persona con la que se vio a Abigail antes de perderle el rastro\u201d, indicaron.&nbsp;<\/p>\n\n\n\n<p>Las j\u00f3venes feministas se\u00f1alaron que es urgente que las autoridades municipales implementen los protocolos derivados de la Alerta de Violencia de G\u00e9nero toda vez que el Istmo de Tehuantepec es la regi\u00f3n m\u00e1s violenta y fatal para las mujeres.<\/p>\n\n\n\n<p>As\u00ed mismo que se abra una carpeta de investigaci\u00f3n en contra del novio de la joven, identificado como L. R. A. F., como principal sospechoso de los hechos.&nbsp;<\/p>\n\n\n\n<p>Las activistas manifestaron que la violencia silenciosa que se vive en Salina Cruz y la deficiente actuaci\u00f3n por parte de las autoridades es un mensaje de permisibilidad para los feminicidas, toda vez que, de no existir castigo, se registraran cada vez m\u00e1s y m\u00e1s casos.&nbsp;<\/p>\n\n\n\n<p>\u201cEste caso nos alerta mucho porque si este caso queda impune va a dictar un camino muy cruel para las mujeres de Salina Cruz, porque qu\u00e9 mensaje le est\u00e1 dando la Fiscal\u00eda a los hombres que deciden matar a las mujeres, que lo pueden hacer y que no importa cu\u00e1ntas veces lo hagan\u201d, refirieron.\u00a0<\/p>\n\n\n\n<figure class=\"wp-block-embed-twitter wp-block-embed is-type-rich is-provider-twitter\"><div class=\"wp-block-embed__wrapper\">\n<div class=\"twitter-tweet\"><blockquote class=\"twitter-tweet\" data-lang=\"es\"><p lang=\"es\" dir=\"ltr\"><a href=\"https:\/\/twitter.com\/hashtag\/JusticiaParaGuadalupeAbigail?src=hash&amp;ref_src=twsrc%5Etfw\">#JusticiaParaGuadalupeAbigail<\/a> <br>En la sesi\u00f3n de la Diputaci\u00f3n Permanente de hoy, la legisladora por el PRI, <a href=\"https:\/\/twitter.com\/Scarlett_vg?ref_src=twsrc%5Etfw\">@Scarlett_vg<\/a>, lament\u00f3 el feminicidio de la joven salinacrucense; exigi\u00f3 justicia a la <a href=\"https:\/\/twitter.com\/FISCALIA_GobOax?ref_src=twsrc%5Etfw\">@FISCALIA_GobOax<\/a> y m\u00e1s seguridad a los tres ordenes de gobierno. <a href=\"https:\/\/t.co\/w8DtsD6NwW\">pic.twitter.com\/w8DtsD6NwW<\/a><\/p>&mdash; Zona Roja Oaxaca (@Zona_Roja_Oax) <a href=\"https:\/\/twitter.com\/Zona_Roja_Oax\/status\/1402758829453058056?ref_src=twsrc%5Etfw\">9 de junio de 2021<\/a><\/blockquote><\/div>\n<\/div><\/figure>\n\n\n\n<p>De ah\u00ed que reiteraron su exigencia de justicia, a la par que hicieron un llamado a la poblaci\u00f3n en general para que dejen de normalizar la violencia contra las mujeres y la vean como un asunto grave, urgente de atender.&nbsp;<\/p>\n\n\n\n<p>INTERVIENE DIPUTADA <\/p>\n\n\n\n<p>Por su parte, al interior del Congreso local la diputada por el PRI, Maritza Scarlett V\u00e1squez Guerra, lament\u00f3 el feminicidio de la joven salinacrucense y exigi\u00f3 una contundente actuaci\u00f3n por parte de la Fiscal\u00eda General de Justicia, a cargo de Arturo Peimbert Calvo, adem\u00e1s de mayor seguridad hacia las mujeres por parte de los tres \u00f3rdenes de gobierno.<\/p>\n\n\n\n<p>\u00abLas mujeres exigimos justicia para Abigail; exigimos a la Fiscal\u00eda que se investiguen estos lamentables hechos; exigimos tambi\u00e9n seguridad efectiva a los tres \u00f3rdenes de gobierno, pues Salina Cruz, este importante puerto, se encuentra abandonado por la autoridad municipal, las calles en penumbra y nula acci\u00f3n policiaca preventiva\u00bb, dijo.<\/p>\n","protected":false},"excerpt":{"rendered":"<p>Evlin Arag\u00f3n\/Zona Roja. Oaxaca de Ju\u00e1rez, Oax., 9 de junio de 2021.- Al grito de&hellip;<\/p>\n","protected":false},"author":2,"featured_media":28352,"comment_status":"closed","ping_status":"open","sticky":false,"template":"","format":"standard","meta":{"_lmt_disableupdate":"","_lmt_disable":"","_jetpack_memberships_contains_paid_content":false,"footnotes":""},"categories":[109,47],"tags":[2733],"class_list":["post-28351","post","type-post","status-publish","format-standard","has-post-thumbnail","hentry","category-minuto-a-minuto","category-zona-gris","tag-guadalupe-abigail-salina-cruz"],"jetpack_featured_media_url":"https:\/\/zonaroja.com.mx\/wp-content\/uploads\/2021\/06\/Guadalupe-Abigail-Salina-Cruz.jpg","jetpack_sharing_enabled":true,"_links":{"self":[{"href":"https:\/\/zonaroja.com.mx\/index.php?rest_route=\/wp\/v2\/posts\/28351","targetHints":{"allow":["GET"]}}],"collection":[{"href":"https:\/\/zonaroja.com.mx\/index.php?rest_route=\/wp\/v2\/posts"}],"about":[{"href":"https:\/\/zonaroja.com.mx\/index.php?rest_route=\/wp\/v2\/types\/post"}],"author":[{"embeddable":true,"href":"https:\/\/zonaroja.com.mx\/index.php?rest_route=\/wp\/v2\/users\/2"}],"replies":[{"embeddable":true,"href":"https:\/\/zonaroja.com.mx\/index.php?rest_route=%2Fwp%2Fv2%2Fcomments&post=28351"}],"version-history":[{"count":1,"href":"https:\/\/zonaroja.com.mx\/index.php?rest_route=\/wp\/v2\/posts\/28351\/revisions"}],"predecessor-version":[{"id":28353,"href":"https:\/\/zonaroja.com.mx\/index.php?rest_route=\/wp\/v2\/posts\/28351\/revisions\/28353"}],"wp:featuredmedia":[{"embeddable":true,"href":"https:\/\/zonaroja.com.mx\/index.php?rest_route=\/wp\/v2\/media\/28352"}],"wp:attachment":[{"href":"https:\/\/zonaroja.com.mx\/index.php?rest_route=%2Fwp%2Fv2%2Fmedia&parent=28351"}],"wp:term":[{"taxonomy":"category","embeddable":true,"href":"https:\/\/zonaroja.com.mx\/index.php?rest_route=%2Fwp%2Fv2%2Fcategories&post=28351"},{"taxonomy":"post_tag","embeddable":true,"href":"https:\/\/zonaroja.com.mx\/index.php?rest_route=%2Fwp%2Fv2%2Ftags&post=28351"}],"curies":[{"name":"wp","href":"https:\/\/api.w.org\/{rel}","templated":true}]}}