{"id":28354,"date":"2021-06-09T21:26:10","date_gmt":"2021-06-10T02:26:10","guid":{"rendered":"http:\/\/www.zonaroja.com.mx\/?p=28354"},"modified":"2021-06-09T21:26:19","modified_gmt":"2021-06-10T02:26:19","slug":"pide-diputado-a-fiscalia-informar-avances-de-investigaciones-por-hechos-violentos","status":"publish","type":"post","link":"https:\/\/zonaroja.com.mx\/?p=28354","title":{"rendered":"Pide diputado a Fiscal\u00eda informar avances de investigaciones por hechos violentos"},"content":{"rendered":"\n<p>Redacci\u00f3n\/Zona Roja.<\/p>\n\n\n\n<p>Oaxaca de Ju\u00e1rez, Oax., 9 de junio de 2021.- El diputado Horacio Sosa Villavicencio, integrante del grupo parlamentario de Morena, present\u00f3 al Congreso local un Punto de Acuerdo mediante el cual se pide exhortar al titular de la Fiscal\u00eda General del Estado de Oaxaca (FGEO), a informar suficientemente al Legislativo sobre las carpetas de investigaci\u00f3n relacionadas con el proceso electoral.<\/p>\n\n\n\n<p>El llamado promovido de urgente y obvia resoluci\u00f3n, durante la sesi\u00f3n de la Diputaci\u00f3n Permanente de hoy, demanda tambi\u00e9n detallar los avances que se tienen en las investigaciones por estos hechos.<\/p>\n\n\n\n<p>Sosa Villavicencio expuso que el gobernador Alejandro Murat Hinojosa, calific\u00f3 como \u201cmenores\u201d los incidentes de la jornada, situaci\u00f3n que \u2013dijo- visiblemente no fue as\u00ed, pues seg\u00fan datos del Instituto Estatal Electoral y de Participaci\u00f3n Ciudadana Oaxaca(IEEPCO), el d\u00eda de las votaciones concluy\u00f3 con una persona asesinada, al menos cinco heridos y 30 personas detenidas.<\/p>\n\n\n\n<p>Detall\u00f3 que, el pasado 6 de junio, la Direcci\u00f3n Ejecutiva de Organizaci\u00f3n Electoral del INE report\u00f3 que, desde la instalaci\u00f3n hasta el cierre de las casillas, se registraron seis mil40 incidentes, que van desde intento de votar sin credencial de elector, violencia en las casillas, quema de papeler\u00eda y propaganda de partidos.<\/p>\n\n\n\n<figure class=\"wp-block-embed-twitter wp-block-embed is-type-rich is-provider-twitter\"><div class=\"wp-block-embed__wrapper\">\n<div class=\"twitter-tweet\"><blockquote class=\"twitter-tweet\" data-lang=\"es\"><p lang=\"es\" dir=\"ltr\"><a href=\"https:\/\/twitter.com\/hashtag\/%C3%9AltimoMinuto?src=hash&amp;ref_src=twsrc%5Etfw\">#\u00daltimoMinuto<\/a> <br>Tras el anuncio de la en\u00e9sima visita del Presidente <a href=\"https:\/\/twitter.com\/lopezobrador_?ref_src=twsrc%5Etfw\">@lopezobrador_<\/a>, el diputado local por Morena, <a href=\"https:\/\/twitter.com\/HoracioSosaOax?ref_src=twsrc%5Etfw\">@HoracioSosaOax<\/a>, celebr\u00f3 esta gira de trabajo.<br>Ponder\u00f3 tambi\u00e9n los logros en materia electoral para su partido, conseguidos el pasado domingo. <a href=\"https:\/\/t.co\/tLe2xxPNSl\">pic.twitter.com\/tLe2xxPNSl<\/a><\/p>&mdash; Zona Roja Oaxaca (@Zona_Roja_Oax) <a href=\"https:\/\/twitter.com\/Zona_Roja_Oax\/status\/1402736744592818180?ref_src=twsrc%5Etfw\">9 de junio de 2021<\/a><\/blockquote><\/div>\n<\/div><\/figure>\n\n\n\n<p>Adem\u00e1s de diversos incidentes que se reportaron en Santa Mar\u00eda Xadani, Santa Mar\u00eda Mixtequilla, El Barrio de la Soledad, Ayuquililla, Miahuatl\u00e1n y Santiago Laollaga, donde hubo quema de casillas y diversos disturbios, hechos que derivaron en que, fuera el estado de Oaxaca el lugar en donde no se instalaran la mitad de las casillas de todo el pa\u00eds.<\/p>\n\n\n\n<p>A lo anterior se suman los hechos violentos registrados en la antesala de las votaciones, en los que, una ola criminal de violencia pol\u00edtica se intensific\u00f3 en contra de militantes, activistas, simpatizantes, candidatas y candidatos de Morena, justo a partir de denunciar las pr\u00e1cticas corruptas de diversas autoridades municipales y candidatos de diversos partidos.<\/p>\n\n\n\n<p>Finalmente, el diputado morenista urgi\u00f3 a las autoridades investigar y resolver los hechos violentos, para dar certeza de que los delincuentes no est\u00e9n en posibilidad de actuar nuevamente, y como un mensaje al pueblo de que su voluntad ser\u00e1 cuidada y respetada, a pesar de los intentos por descarrilar los procesos democr\u00e1ticos.<\/p>\n\n\n\n<p>El Punto de Acuerdo fue recibido por la Diputaci\u00f3n Permanente y turnado para su an\u00e1lisis y dictamen a la comisi\u00f3n permanente correspondiente.<\/p>\n","protected":false},"excerpt":{"rendered":"<p>Redacci\u00f3n\/Zona Roja. Oaxaca de Ju\u00e1rez, Oax., 9 de junio de 2021.- El diputado Horacio Sosa&hellip;<\/p>\n","protected":false},"author":2,"featured_media":28355,"comment_status":"closed","ping_status":"open","sticky":false,"template":"","format":"standard","meta":{"_lmt_disableupdate":"","_lmt_disable":"","_jetpack_memberships_contains_paid_content":false,"footnotes":""},"categories":[109,46],"tags":[444],"class_list":["post-28354","post","type-post","status-publish","format-standard","has-post-thumbnail","hentry","category-minuto-a-minuto","category-zona-blanca","tag-horacio-sosa-villavicencio"],"jetpack_featured_media_url":"https:\/\/zonaroja.com.mx\/wp-content\/uploads\/2021\/06\/Horacio-Sosa.jpg","jetpack_sharing_enabled":true,"_links":{"self":[{"href":"https:\/\/zonaroja.com.mx\/index.php?rest_route=\/wp\/v2\/posts\/28354","targetHints":{"allow":["GET"]}}],"collection":[{"href":"https:\/\/zonaroja.com.mx\/index.php?rest_route=\/wp\/v2\/posts"}],"about":[{"href":"https:\/\/zonaroja.com.mx\/index.php?rest_route=\/wp\/v2\/types\/post"}],"author":[{"embeddable":true,"href":"https:\/\/zonaroja.com.mx\/index.php?rest_route=\/wp\/v2\/users\/2"}],"replies":[{"embeddable":true,"href":"https:\/\/zonaroja.com.mx\/index.php?rest_route=%2Fwp%2Fv2%2Fcomments&post=28354"}],"version-history":[{"count":1,"href":"https:\/\/zonaroja.com.mx\/index.php?rest_route=\/wp\/v2\/posts\/28354\/revisions"}],"predecessor-version":[{"id":28356,"href":"https:\/\/zonaroja.com.mx\/index.php?rest_route=\/wp\/v2\/posts\/28354\/revisions\/28356"}],"wp:featuredmedia":[{"embeddable":true,"href":"https:\/\/zonaroja.com.mx\/index.php?rest_route=\/wp\/v2\/media\/28355"}],"wp:attachment":[{"href":"https:\/\/zonaroja.com.mx\/index.php?rest_route=%2Fwp%2Fv2%2Fmedia&parent=28354"}],"wp:term":[{"taxonomy":"category","embeddable":true,"href":"https:\/\/zonaroja.com.mx\/index.php?rest_route=%2Fwp%2Fv2%2Fcategories&post=28354"},{"taxonomy":"post_tag","embeddable":true,"href":"https:\/\/zonaroja.com.mx\/index.php?rest_route=%2Fwp%2Fv2%2Ftags&post=28354"}],"curies":[{"name":"wp","href":"https:\/\/api.w.org\/{rel}","templated":true}]}}