{"id":2836,"date":"2019-08-05T15:05:59","date_gmt":"2019-08-05T20:05:59","guid":{"rendered":"http:\/\/www.zonaroja.com.mx\/?p=2836"},"modified":"2019-08-05T15:06:01","modified_gmt":"2019-08-05T20:06:01","slug":"aumenta-a-329-los-feminicidios-en-oaxaca-ante-la-desidia-de-las-autoridades","status":"publish","type":"post","link":"https:\/\/zonaroja.com.mx\/?p=2836","title":{"rendered":"Aumenta a 329 los feminicidios en Oaxaca, ante la desidia de las autoridades"},"content":{"rendered":"\n<p>Evlin Arag\u00f3n\/Zona\nRoja. <\/p>\n\n\n\n<p>Oaxaca de\nJu\u00e1rez, Oax., 5 de agosto de 2019.- Consorcio para el Di\u00e1logo Parlamentario\ninform\u00f3 esta ma\u00f1ana que la cifra de feminicidios en la entidad oaxaque\u00f1a ha\nsubido a 329 casos en lo que va de la administraci\u00f3n de Alejandro Murat\nHinojosa, 83 de los cuales se han registrado en lo que va del 2019.<\/p>\n\n\n\n<p>No obstante,\na pesar de que acept\u00f3 que hay un incremento importante en este delito en los\nprimeros siete meses de este a\u00f1o, en comparaci\u00f3n con el 2018, el fiscal\nGeneral, Rub\u00e9n Vasconcelos M\u00e9ndez, dijo en conferencia de prensa que suman 17\nfeminicidios y 61 homicidios dolosos de mujeres.<\/p>\n\n\n\n<p>De acuerdo\ncon Consorcio, la situaci\u00f3n de violencia es el reflejo de la omisi\u00f3n e\nineficacia de las autoridades para emprender acciones contundentes que frenen\nesta ola de violencia feminicida, que han denunciado en incontables ocasiones\ndurante esta administraci\u00f3n.<\/p>\n\n\n\n<p>Seg\u00fan el\nrecuento que realiza la organizaci\u00f3n desde hace m\u00e1s de una d\u00e9cada, el \u00faltimo\ncaso es el de Mar\u00eda \u00c1ngela, de 17 a\u00f1os de edad, quien perdiera la vida en un\nataque armado en la localidad de Santo Domingo Petapa, perteneciente a la\nregi\u00f3n del Istmo del Tehuantepec.<\/p>\n\n\n\n<p>En la lista\ntambi\u00e9n se encuentra Elodia, de 45 a\u00f1os, quien muri\u00f3 a consecuencia de las\nlesiones que les hicieran con una arma blanca en la cara y cabeza, hechos\nregistrados en San Juan Lagunas, Putla Villa de Guerrero; as\u00ed como Marcelina de\n52 a\u00f1os que fue asesinada a machetazos, previamente en la misma localidad.<\/p>\n\n\n\n<p>Apenas\nanoche, fue ultimada a balazos una mujer, presuntamente por su hermano, en\nHuajuapan de Le\u00f3n, caso que no est\u00e1 a\u00fan en la contabilidad de la organizaci\u00f3n.<\/p>\n\n\n\n<p>Consorcio\nOaxaca asegura que es indispensable visibilizar la violencia machista y\npatriarcal que permea nuestra sociedad y que les corresponde a las autoridades\nestatales y municipales sancionar y determinar el delito cometido contra las\nmujeres y ni\u00f1as en Oaxaca, por ello, mantienen permanente denuncia y exigencia\nde justicia.<\/p>\n\n\n\n<p>El viernes\npasado y bajo la premisa de que el Estado ha fallado en la atenci\u00f3n de los\ncasos de violencia contra las mujeres, el Observatorio Ciudadano Nacional del\nFeminicidio inici\u00f3 la campa\u00f1a #AlertaQueSeaEfectiva en la Rep\u00fablica Mexicana.<\/p>\n\n\n\n<p>De acuerdo\ncon la organizaci\u00f3n oaxaque\u00f1a, que tambi\u00e9n forma parte del Observatorio, el\nEstado est\u00e1 fallando desde la atenci\u00f3n en los casos de violencia contra las\nmujeres, en virtud de que no hace nada para prevenir, pues cuando reciben\ndenuncias se niegan a emitir las \u00f3rdenes de protecci\u00f3n que pudieran salvar\nvidas, as\u00ed como cuestiona el actuar de las dependencia encargadas de la\nprocuraci\u00f3n de justicia a la que hace falta incluir en sus procedimientos la\nperspectiva de g\u00e9nero.<\/p>\n","protected":false},"excerpt":{"rendered":"<p>Evlin Arag\u00f3n\/Zona Roja. Oaxaca de Ju\u00e1rez, Oax., 5 de agosto de 2019.- Consorcio para el&hellip;<\/p>\n","protected":false},"author":2,"featured_media":2439,"comment_status":"closed","ping_status":"open","sticky":false,"template":"","format":"standard","meta":{"_lmt_disableupdate":"","_lmt_disable":"","_jetpack_memberships_contains_paid_content":false,"footnotes":""},"categories":[109,51],"tags":[482],"class_list":["post-2836","post","type-post","status-publish","format-standard","has-post-thumbnail","hentry","category-minuto-a-minuto","category-zona-roja","tag-feminicidios-en-gobierno-de-alejandro-murat-hinojosa"],"jetpack_featured_media_url":"https:\/\/zonaroja.com.mx\/wp-content\/uploads\/2019\/07\/Femincidio-2.jpg","jetpack_sharing_enabled":true,"_links":{"self":[{"href":"https:\/\/zonaroja.com.mx\/index.php?rest_route=\/wp\/v2\/posts\/2836","targetHints":{"allow":["GET"]}}],"collection":[{"href":"https:\/\/zonaroja.com.mx\/index.php?rest_route=\/wp\/v2\/posts"}],"about":[{"href":"https:\/\/zonaroja.com.mx\/index.php?rest_route=\/wp\/v2\/types\/post"}],"author":[{"embeddable":true,"href":"https:\/\/zonaroja.com.mx\/index.php?rest_route=\/wp\/v2\/users\/2"}],"replies":[{"embeddable":true,"href":"https:\/\/zonaroja.com.mx\/index.php?rest_route=%2Fwp%2Fv2%2Fcomments&post=2836"}],"version-history":[{"count":1,"href":"https:\/\/zonaroja.com.mx\/index.php?rest_route=\/wp\/v2\/posts\/2836\/revisions"}],"predecessor-version":[{"id":2837,"href":"https:\/\/zonaroja.com.mx\/index.php?rest_route=\/wp\/v2\/posts\/2836\/revisions\/2837"}],"wp:featuredmedia":[{"embeddable":true,"href":"https:\/\/zonaroja.com.mx\/index.php?rest_route=\/wp\/v2\/media\/2439"}],"wp:attachment":[{"href":"https:\/\/zonaroja.com.mx\/index.php?rest_route=%2Fwp%2Fv2%2Fmedia&parent=2836"}],"wp:term":[{"taxonomy":"category","embeddable":true,"href":"https:\/\/zonaroja.com.mx\/index.php?rest_route=%2Fwp%2Fv2%2Fcategories&post=2836"},{"taxonomy":"post_tag","embeddable":true,"href":"https:\/\/zonaroja.com.mx\/index.php?rest_route=%2Fwp%2Fv2%2Ftags&post=2836"}],"curies":[{"name":"wp","href":"https:\/\/api.w.org\/{rel}","templated":true}]}}