{"id":28360,"date":"2021-06-09T22:05:53","date_gmt":"2021-06-10T03:05:53","guid":{"rendered":"http:\/\/www.zonaroja.com.mx\/?p=28360"},"modified":"2021-06-09T22:05:59","modified_gmt":"2021-06-10T03:05:59","slug":"refuerza-sspo-vigilancia-en-el-estado-particularmente-en-sedes-electorales","status":"publish","type":"post","link":"https:\/\/zonaroja.com.mx\/?p=28360","title":{"rendered":"Refuerza SSPO vigilancia en el estado, particularmente en sedes electorales"},"content":{"rendered":"\n<p>Redacci\u00f3n\/Zona Roja.<\/p>\n\n\n\n<p>Oaxaca de Ju\u00e1rez, Oax., 9 de junio de 2021.- La vigilancia por parte de la Polic\u00eda Estatal se reforz\u00f3 en todo el estado a fin de prevenir hechos delictivos, inform\u00f3 la Secretar\u00eda de Seguridad P\u00fablica de Oaxaca (SSPO).<\/p>\n\n\n\n<p>En particular en las sedes de los consejos distritales electorales y en los consejos municipales electorales \u00e1lgidos, donde se prev\u00e9n hechos violentos, detall\u00f3.<\/p>\n\n\n\n<p>Inform\u00f3 que por instrucciones del titular de la dependencia, Heliodoro D\u00edaz Esc\u00e1rraga, se mantiene puntual atenci\u00f3n, en coordinaci\u00f3n con los cuerpos de seguridad p\u00fablica municipal y federal, en este caso la Guardia Nacional, para evitar cualquier incidente fuera de la ley.<\/p>\n\n\n\n<p>Apunto que en el caso de Santa Cruz Xoxocotl\u00e1n, donde este mediod\u00eda se suscit\u00f3 un zafarrancho, sin que se presentaran lesionados, la Polic\u00eda Estatal mantiene estrecha vigilancia en la zona.<\/p>\n\n\n\n<p>Incluso el comisionado de la corporaci\u00f3n, Ra\u00fal Castillejos, acudi\u00f3 al lugar, sede del consejo municipal electoral, para constatar el resguardo policiaco y estar al pendiente personalmente de la situaci\u00f3n.<\/p>\n\n\n\n<p>D\u00edaz Esc\u00e1rraga precis\u00f3 que por indicaciones del gobernador Alejandro Murat, hay estrecha coordinaci\u00f3n con todas las instancias de justicia y seguridad, as\u00ed como trabajo de inteligencia efectivo, para prevenir y disuadir los delitos en Oaxaca.<\/p>\n","protected":false},"excerpt":{"rendered":"<p>Redacci\u00f3n\/Zona Roja. Oaxaca de Ju\u00e1rez, Oax., 9 de junio de 2021.- La vigilancia por parte&hellip;<\/p>\n","protected":false},"author":2,"featured_media":28361,"comment_status":"closed","ping_status":"open","sticky":false,"template":"","format":"standard","meta":{"_lmt_disableupdate":"","_lmt_disable":"","_jetpack_memberships_contains_paid_content":false,"footnotes":""},"categories":[109,46],"tags":[175],"class_list":["post-28360","post","type-post","status-publish","format-standard","has-post-thumbnail","hentry","category-minuto-a-minuto","category-zona-blanca","tag-secretaria-de-seguridad-publica-de-oaxaca"],"jetpack_featured_media_url":"https:\/\/zonaroja.com.mx\/wp-content\/uploads\/2021\/06\/Vigilancia-Policia-Estatal-Oaxaca.jpg","jetpack_sharing_enabled":true,"_links":{"self":[{"href":"https:\/\/zonaroja.com.mx\/index.php?rest_route=\/wp\/v2\/posts\/28360","targetHints":{"allow":["GET"]}}],"collection":[{"href":"https:\/\/zonaroja.com.mx\/index.php?rest_route=\/wp\/v2\/posts"}],"about":[{"href":"https:\/\/zonaroja.com.mx\/index.php?rest_route=\/wp\/v2\/types\/post"}],"author":[{"embeddable":true,"href":"https:\/\/zonaroja.com.mx\/index.php?rest_route=\/wp\/v2\/users\/2"}],"replies":[{"embeddable":true,"href":"https:\/\/zonaroja.com.mx\/index.php?rest_route=%2Fwp%2Fv2%2Fcomments&post=28360"}],"version-history":[{"count":1,"href":"https:\/\/zonaroja.com.mx\/index.php?rest_route=\/wp\/v2\/posts\/28360\/revisions"}],"predecessor-version":[{"id":28362,"href":"https:\/\/zonaroja.com.mx\/index.php?rest_route=\/wp\/v2\/posts\/28360\/revisions\/28362"}],"wp:featuredmedia":[{"embeddable":true,"href":"https:\/\/zonaroja.com.mx\/index.php?rest_route=\/wp\/v2\/media\/28361"}],"wp:attachment":[{"href":"https:\/\/zonaroja.com.mx\/index.php?rest_route=%2Fwp%2Fv2%2Fmedia&parent=28360"}],"wp:term":[{"taxonomy":"category","embeddable":true,"href":"https:\/\/zonaroja.com.mx\/index.php?rest_route=%2Fwp%2Fv2%2Fcategories&post=28360"},{"taxonomy":"post_tag","embeddable":true,"href":"https:\/\/zonaroja.com.mx\/index.php?rest_route=%2Fwp%2Fv2%2Ftags&post=28360"}],"curies":[{"name":"wp","href":"https:\/\/api.w.org\/{rel}","templated":true}]}}