{"id":28363,"date":"2021-06-09T22:28:59","date_gmt":"2021-06-10T03:28:59","guid":{"rendered":"http:\/\/www.zonaroja.com.mx\/?p=28363"},"modified":"2021-06-09T22:29:03","modified_gmt":"2021-06-10T03:29:03","slug":"llama-legislador-a-candidatos-y-partidos-a-mantener-civilidad-en-computo","status":"publish","type":"post","link":"https:\/\/zonaroja.com.mx\/?p=28363","title":{"rendered":"Llama legislador a candidatos y partidos a mantener civilidad en c\u00f3mputo"},"content":{"rendered":"\n<p>Redacci\u00f3n\/Zona Roja.<\/p>\n\n\n\n<p>Oaxaca de Ju\u00e1rez, Oax., 9 de junio de 2021.- Al reconocer la actitud civilizada y democr\u00e1tica de la ciudadan\u00eda durante los comicios que culminaron el 6 de junio, el legislador por Morena, C\u00e9sar Morales Ni\u00f1o, pidi\u00f3 a candidatos, partidos y militantes, conducirse con la misma actitud en la revisi\u00f3n de las boletas electorales.<\/p>\n\n\n\n<p>\u201cLa gente sali\u00f3 a votar sin miedo, sali\u00f3 a votar a pesar de la pandemia, sali\u00f3 a votar a pesar de los actos violentos que buscaban inhibir la participaci\u00f3n y desestabilizar el ambiente previo a las elecciones\u201d, destac\u00f3 en un posicionamiento hoy en Asuntos Generales, durante la sesi\u00f3n de la Diputaci\u00f3n Permanente de la 64 Legislatura.<\/p>\n\n\n\n<p>\u201cSin duda, en una democracia se gana y se pierde, depende de las campa\u00f1as, de las propuestas, del convencimiento que se haga al electorado; ya pas\u00f3 la jornada electoral, toca ahora la etapa de c\u00f3mputos distritales federales y locales, que se llevan a cabo en estos momentos, as\u00ed como los c\u00f3mputos municipales que se llevaran a cabo ma\u00f1ana\u201d, sostuvo.<\/p>\n\n\n\n<p>Por ello, llam\u00f3 a las candidatas y candidatos, a los partidos pol\u00edticos, para que en esta etapa de c\u00f3mputos se mantenga una actitud de civilidad pol\u00edtica, pues \u201cla ciudadan\u00eda ya nos dio el ejemplo, ahora nos toca a nosotros responder con altura y grandeza\u201d.<\/p>\n\n\n\n<figure class=\"wp-block-embed-twitter wp-block-embed is-type-rich is-provider-twitter\"><div class=\"wp-block-embed__wrapper\">\n<div class=\"twitter-tweet\"><blockquote class=\"twitter-tweet\" data-lang=\"es\"><p lang=\"es\" dir=\"ltr\"><a href=\"https:\/\/twitter.com\/hashtag\/EleccionesOaxaca2021?src=hash&amp;ref_src=twsrc%5Etfw\">#EleccionesOaxaca2021<\/a> <br>Tras los comicios del pasado domingo, el diputado local <a href=\"https:\/\/twitter.com\/cesarmoralesn?ref_src=twsrc%5Etfw\">@cesarmoralesn<\/a> destac\u00f3 la civilidad ciudadana durante la jornada. <br>Pidi\u00f3 a los contendientes y a los partidos pol\u00edticos, conducirse apegados a la ley en esta etapa de conteo de votos. <a href=\"https:\/\/t.co\/BaPw3wEYQf\">pic.twitter.com\/BaPw3wEYQf<\/a><\/p>&mdash; Zona Roja Oaxaca (@Zona_Roja_Oax) <a href=\"https:\/\/twitter.com\/Zona_Roja_Oax\/status\/1402671153555070976?ref_src=twsrc%5Etfw\">9 de junio de 2021<\/a><\/blockquote><\/div>\n<\/div><\/figure>\n\n\n\n<p>\u201c\u00a1Perdi\u00f3 el gobernador, perdi\u00f3 la soberbia gubernamental, perdi\u00f3 la seguridad p\u00fablica! No me refiero a las p\u00e9rdidas pol\u00edticas que tuvo el partido del gobernador, me refiero a que el titular del Ejecutivo (Alejandro Murat), no cumpli\u00f3 con el pacto de seguridad, civilidad, paz y estabilidad que el mismo convoc\u00f3\u201d, asever\u00f3 en tribuna.<\/p>\n\n\n\n<p>Lament\u00f3 que durante el desarrollo de las votaciones, el pasado domingo, hubiera la p\u00e9rdida de una vida humana, as\u00ed como heridos, robo y quema de urnas, lo cual es el reflejo de que no hubo un trabajo previo de contenci\u00f3n de riegos, de inteligencia preventiva, de mecanismos de seguridad p\u00fablica eficaces.<\/p>\n\n\n\n<p>Lament\u00f3 asimismo el ataque a la vivienda de una integrante de la planilla de Morena, que compiti\u00f3 en Oaxaca de Ju\u00e1rez; \u201ces un acto grave de violencia pol\u00edtica contra las mujeres, imag\u00ednense si eso pasa en la capital del estado, a que est\u00e1n expuestos los ciudadanos y ciudadanas de las regiones y en los municipios m\u00e1s alejados\u201d, dijo.<\/p>\n\n\n\n<p>Expuso que se est\u00e1 en la antesala de una pr\u00f3xima elecci\u00f3n, donde se renovar\u00e1 la gubernatura del estado, \u201cy estos duros aprendizajes, deben ser una referencia para que los errores del gabinete de seguridad p\u00fablica no se vuelvan a repetir y para que el Gobernador del Estado asuma los compromisos democr\u00e1ticos contra\u00eddos\u201d, remarc\u00f3.<\/p>\n","protected":false},"excerpt":{"rendered":"<p>Redacci\u00f3n\/Zona Roja. Oaxaca de Ju\u00e1rez, Oax., 9 de junio de 2021.- Al reconocer la actitud&hellip;<\/p>\n","protected":false},"author":2,"featured_media":28364,"comment_status":"closed","ping_status":"open","sticky":false,"template":"","format":"standard","meta":{"_lmt_disableupdate":"","_lmt_disable":"","_jetpack_memberships_contains_paid_content":false,"footnotes":""},"categories":[109,46],"tags":[612],"class_list":["post-28363","post","type-post","status-publish","format-standard","has-post-thumbnail","hentry","category-minuto-a-minuto","category-zona-blanca","tag-cesar-morales-nino"],"jetpack_featured_media_url":"https:\/\/zonaroja.com.mx\/wp-content\/uploads\/2021\/06\/Cesar-Morales-1.jpg","jetpack_sharing_enabled":true,"_links":{"self":[{"href":"https:\/\/zonaroja.com.mx\/index.php?rest_route=\/wp\/v2\/posts\/28363","targetHints":{"allow":["GET"]}}],"collection":[{"href":"https:\/\/zonaroja.com.mx\/index.php?rest_route=\/wp\/v2\/posts"}],"about":[{"href":"https:\/\/zonaroja.com.mx\/index.php?rest_route=\/wp\/v2\/types\/post"}],"author":[{"embeddable":true,"href":"https:\/\/zonaroja.com.mx\/index.php?rest_route=\/wp\/v2\/users\/2"}],"replies":[{"embeddable":true,"href":"https:\/\/zonaroja.com.mx\/index.php?rest_route=%2Fwp%2Fv2%2Fcomments&post=28363"}],"version-history":[{"count":1,"href":"https:\/\/zonaroja.com.mx\/index.php?rest_route=\/wp\/v2\/posts\/28363\/revisions"}],"predecessor-version":[{"id":28365,"href":"https:\/\/zonaroja.com.mx\/index.php?rest_route=\/wp\/v2\/posts\/28363\/revisions\/28365"}],"wp:featuredmedia":[{"embeddable":true,"href":"https:\/\/zonaroja.com.mx\/index.php?rest_route=\/wp\/v2\/media\/28364"}],"wp:attachment":[{"href":"https:\/\/zonaroja.com.mx\/index.php?rest_route=%2Fwp%2Fv2%2Fmedia&parent=28363"}],"wp:term":[{"taxonomy":"category","embeddable":true,"href":"https:\/\/zonaroja.com.mx\/index.php?rest_route=%2Fwp%2Fv2%2Fcategories&post=28363"},{"taxonomy":"post_tag","embeddable":true,"href":"https:\/\/zonaroja.com.mx\/index.php?rest_route=%2Fwp%2Fv2%2Ftags&post=28363"}],"curies":[{"name":"wp","href":"https:\/\/api.w.org\/{rel}","templated":true}]}}