{"id":28366,"date":"2021-06-09T22:41:12","date_gmt":"2021-06-10T03:41:12","guid":{"rendered":"http:\/\/www.zonaroja.com.mx\/?p=28366"},"modified":"2021-06-09T22:41:16","modified_gmt":"2021-06-10T03:41:16","slug":"dos-asesinados-saldo-del-miercoles-en-oaxaca","status":"publish","type":"post","link":"https:\/\/zonaroja.com.mx\/?p=28366","title":{"rendered":"Dos asesinados, saldo del mi\u00e9rcoles en Oaxaca"},"content":{"rendered":"\n<p>Redacci\u00f3n\/Zona Roja.<\/p>\n\n\n\n<p>Oaxaca de Ju\u00e1rez, Oax., 9 de junio de 2021.- Dos personas fueron asesinadas en el transcurso de este mi\u00e9rcoles en las regiones Istmo de Tehuantepec y Cuenca del Papaloapan de Oaxaca.<\/p>\n\n\n\n<p>El primer crimen ocurri\u00f3 a unos pasos de la sede de la Guardia Nacional en San Juan Bautista Tuxtepec, en que fue ejecutado un hombre, identificado como Inocencio Vista Palacios.<\/p>\n\n\n\n<p>El ataque armado se registr\u00f3 en la colonia Nueva Era, en el camino a Loma Alta, a unos 200 metros del centro de salud; un menor de edad atestigu\u00f3 el asesinato, perpetrado en el interior de una carnicer\u00eda.<\/p>\n\n\n\n<p>Pese a la cercan\u00eda con las instalaciones de la Guardia Nacional, los elementos federales no se dieron cuenta a tiempo de la agresi\u00f3n fatal.<\/p>\n\n\n\n<p>Por otra parte, en el municipio de Juchit\u00e1n de Zaragoza se registr\u00f3 una nueva ejecuci\u00f3n, en esta ocasi\u00f3n en la calle Emiliano Zapata de la colonia Gustavo Pineda de la Cruz.<\/p>\n\n\n\n<p>En el interior de un veh\u00edculo compacto, marca Volkswagen, tipo Jetta, qued\u00f3 el cuerpo de Leyver M. L., de 23 a\u00f1os de edad, v\u00edctima de varios disparos de arma de fuego.<\/p>\n\n\n\n<p>En ambos casos no hay personas detenidas y la Fiscal\u00eda General del Estado inici\u00f3 las carpetas correspondientes, a trav\u00e9s de las respectivas vicefiscal\u00edas.<\/p>\n","protected":false},"excerpt":{"rendered":"<p>Redacci\u00f3n\/Zona Roja. Oaxaca de Ju\u00e1rez, Oax., 9 de junio de 2021.- Dos personas fueron asesinadas&hellip;<\/p>\n","protected":false},"author":2,"featured_media":28367,"comment_status":"closed","ping_status":"open","sticky":false,"template":"","format":"standard","meta":{"_lmt_disableupdate":"","_lmt_disable":"","_jetpack_memberships_contains_paid_content":false,"footnotes":""},"categories":[109,51],"tags":[123],"class_list":["post-28366","post","type-post","status-publish","format-standard","has-post-thumbnail","hentry","category-minuto-a-minuto","category-zona-roja","tag-juchitan-de-zaragoza"],"jetpack_featured_media_url":"https:\/\/zonaroja.com.mx\/wp-content\/uploads\/2021\/06\/Asesinado-Tuxtepec.jpg","jetpack_sharing_enabled":true,"_links":{"self":[{"href":"https:\/\/zonaroja.com.mx\/index.php?rest_route=\/wp\/v2\/posts\/28366","targetHints":{"allow":["GET"]}}],"collection":[{"href":"https:\/\/zonaroja.com.mx\/index.php?rest_route=\/wp\/v2\/posts"}],"about":[{"href":"https:\/\/zonaroja.com.mx\/index.php?rest_route=\/wp\/v2\/types\/post"}],"author":[{"embeddable":true,"href":"https:\/\/zonaroja.com.mx\/index.php?rest_route=\/wp\/v2\/users\/2"}],"replies":[{"embeddable":true,"href":"https:\/\/zonaroja.com.mx\/index.php?rest_route=%2Fwp%2Fv2%2Fcomments&post=28366"}],"version-history":[{"count":1,"href":"https:\/\/zonaroja.com.mx\/index.php?rest_route=\/wp\/v2\/posts\/28366\/revisions"}],"predecessor-version":[{"id":28368,"href":"https:\/\/zonaroja.com.mx\/index.php?rest_route=\/wp\/v2\/posts\/28366\/revisions\/28368"}],"wp:featuredmedia":[{"embeddable":true,"href":"https:\/\/zonaroja.com.mx\/index.php?rest_route=\/wp\/v2\/media\/28367"}],"wp:attachment":[{"href":"https:\/\/zonaroja.com.mx\/index.php?rest_route=%2Fwp%2Fv2%2Fmedia&parent=28366"}],"wp:term":[{"taxonomy":"category","embeddable":true,"href":"https:\/\/zonaroja.com.mx\/index.php?rest_route=%2Fwp%2Fv2%2Fcategories&post=28366"},{"taxonomy":"post_tag","embeddable":true,"href":"https:\/\/zonaroja.com.mx\/index.php?rest_route=%2Fwp%2Fv2%2Ftags&post=28366"}],"curies":[{"name":"wp","href":"https:\/\/api.w.org\/{rel}","templated":true}]}}