{"id":28372,"date":"2021-06-10T07:45:36","date_gmt":"2021-06-10T12:45:36","guid":{"rendered":"http:\/\/www.zonaroja.com.mx\/?p=28372"},"modified":"2021-06-10T07:45:44","modified_gmt":"2021-06-10T12:45:44","slug":"resurge-violencia-en-xoxocotlan-culpan-a-edil-y-esposa-candidata","status":"publish","type":"post","link":"https:\/\/zonaroja.com.mx\/?p=28372","title":{"rendered":"Resurge violencia en Xoxocotl\u00e1n; culpan a edil y esposa-candidata"},"content":{"rendered":"\n<p>Ismael Garc\u00eda M.\/Zona Roja.<\/p>\n\n\n\n<p>Oaxaca de Ju\u00e1rez, Oax., 10 de junio de 2021.- La violencia resurgi\u00f3 anoche en Santa Cruz Xoxocotl\u00e1n y un ataque de un presunto grupo de choque dej\u00f3 como saldo una persona lesionada y una camioneta da\u00f1ada por disparos de arma de fuego.<\/p>\n\n\n\n<p>Los hechos sucedieron cerca de la media noche en la calle calzada de los Deportes, de la colonia Rufino Tamayo, que era resguardado por polic\u00edas y seguidores de Tania L\u00f3pez, de Morena, e Inocente Castellanos, de Fuerza por M\u00e9xico.<\/p>\n\n\n\n<p>\u201cEstos atentados son causados por el actual presidente municipal Alejandro L\u00f3pez Jarqu\u00edn y su esposa Tania L\u00f3pez; a ellos hago responsables de lo que est\u00e1 sucediendo; queremos que la ciudadan\u00eda se entere de la clase de autoridades que tenemos\u201d, dijo Inocente Castellanos a trav\u00e9s de un video.<\/p>\n\n\n\n<p>\u201cEs necesario que las autoridades tomen cartas en el asunto, no podemos seguir permitiendo que este gobierno siga abusando de la autoridad y siga haciendo de las suyas; qu\u00e9 sigue despu\u00e9s de esto, \u00bfvan a atentar contra mi vida?\u201d, dijo.<\/p>\n\n\n\n<figure class=\"wp-block-embed-twitter wp-block-embed is-type-rich is-provider-twitter\"><div class=\"wp-block-embed__wrapper\">\n<div class=\"twitter-tweet\"><blockquote class=\"twitter-tweet\" data-lang=\"es\"><p lang=\"es\" dir=\"ltr\"><a href=\"https:\/\/twitter.com\/hashtag\/%C3%9AltimoMinuto?src=hash&amp;ref_src=twsrc%5Etfw\">#\u00daltimoMinuto<\/a> <br>Disparos de arma de fuego, una persona lesionada y un veh\u00edculo da\u00f1ado, es el resultado de un hecho violento casi a la media noche de ayer en Santa Cruz <a href=\"https:\/\/twitter.com\/hashtag\/Xoxocotl%C3%A1n?src=hash&amp;ref_src=twsrc%5Etfw\">#Xoxocotl\u00e1n<\/a>. <br>El candidato <a href=\"https:\/\/twitter.com\/DrCCastellanos?ref_src=twsrc%5Etfw\">@DrCCastellanos<\/a> culp\u00f3 al edil <a href=\"https:\/\/twitter.com\/Alejandro_ALJ?ref_src=twsrc%5Etfw\">@Alejandro_ALJ<\/a> y su esposa <a href=\"https:\/\/twitter.com\/TaniaLopezXoxo?ref_src=twsrc%5Etfw\">@TaniaLopezXoxo<\/a>. <a href=\"https:\/\/t.co\/tsEvrwnevX\">pic.twitter.com\/tsEvrwnevX<\/a><\/p>&mdash; Zona Roja Oaxaca (@Zona_Roja_Oax) <a href=\"https:\/\/twitter.com\/Zona_Roja_Oax\/status\/1402960784951549956?ref_src=twsrc%5Etfw\">10 de junio de 2021<\/a><\/blockquote><\/div>\n<\/div><\/figure>\n\n\n\n<p>PED\u00cdAN REFUERZOS<\/p>\n\n\n\n<p>Horas antes, el consejo municipal electoral de Xoxocotl\u00e1n emiti\u00f3 un comunicado dirigido al Consejo General del IEEPCO y a las secretar\u00edas General de Gobierno y de Seguridad P\u00fablica, para exigir mayor vigilancia.<\/p>\n\n\n\n<p>\u201cSolicitamos de manera urgente nos brinden el apoyo y los medios necesarios para entablar una mesa de dialogo con car\u00e1cter de urgente para resolver la situaci\u00f3n de inseguridad e incertidumbre que acontece en este municipio de Santa Cruz Xoxocotl\u00e1n.<\/p>\n\n\n\n<p>\u201cEspec\u00edficamente en la sede de este consejo donde nos encontramos resguardados, previendo una situaci\u00f3n descontrolable de violencia donde se ponga en riesgo nuestra integridad f\u00edsica y la vida humana, ya que alrededor de este consejo municipal se encuentran grupos de choque caracterizados por la violencia que ejercen sin importarles las consecuencias de sus actuaciones.<\/p>\n\n\n\n<p>\u201cLos cuales han estado presentes desde el d\u00eda de la jornada electoral que fue el 6 de junio del presente a\u00f1o a la fecha, mismos que se han incrementado, observando que se encuentran portando armas de fuego, tratando de intimidarnos, al vigilarnos todo el tiempo, tomarnos fotos y acosar a los integrantes de este consejo\u201d, detall\u00f3 en su posicionamiento emitido anoche.<\/p>\n\n\n\n<p>Los integrantes relataron que el d\u00eda de la jornada electoral \u201cun grupo de personas violentas y armadas intent\u00f3 robar paquetes electorales en la colonia Soledad perteneciente a este municipio, a punta de violencia, y disparos contra los funcionarios de la mesa directiva de casilla, golpeando a uno de ellos y a una funcionaria de la mesa directiva de casilla, conducta que puso a toda la ciudadan\u00eda en riesgo.<\/p>\n\n\n\n<p>\u201cConductas que entorpecen el adecuado desarrollo del proceso electoral y el c\u00f3mputo municipal del 10 de junio del presente, dicha actividad que se realiza con la finalidad de dar certeza al proceso electoral y el voto de la ciudadan\u00eda que es el bien jur\u00eddico tutelado de las elecciones.<\/p>\n\n\n\n<p>\u201cPor lo que este consejo municipal considera que no existen las medidas ni las condiciones necesarias para llevarse a cabo el c\u00f3mputo municipal en esta sede municipal debido a las condiciones de violencia expuestas\u201d, detallaron.<\/p>\n\n\n\n<p>El documento fue signado por la presidenta del consejo, Erika Mar\u00edn Francisco, y los consejeros V\u00edctor Manuel Cruz Mart\u00ednez, Isa\u00edas Miguel Ambrosio Tereso de Jes\u00fas Ram\u00edrez, Janitzy Donaj\u00ed Ram\u00edrez y Cristina Villarreal Pacheco.<\/p>\n\n\n\n<figure class=\"wp-block-image size-large\"><img decoding=\"async\" width=\"1000\" height=\"671\" src=\"http:\/\/www.zonaroja.com.mx\/wp-content\/uploads\/2021\/06\/Consejo-municipal-Xoxocotlan.jpg\" alt=\"\" class=\"wp-image-28373\" srcset=\"https:\/\/zonaroja.com.mx\/wp-content\/uploads\/2021\/06\/Consejo-municipal-Xoxocotlan.jpg 1000w, https:\/\/zonaroja.com.mx\/wp-content\/uploads\/2021\/06\/Consejo-municipal-Xoxocotlan-300x201.jpg 300w, https:\/\/zonaroja.com.mx\/wp-content\/uploads\/2021\/06\/Consejo-municipal-Xoxocotlan-768x515.jpg 768w, https:\/\/zonaroja.com.mx\/wp-content\/uploads\/2021\/06\/Consejo-municipal-Xoxocotlan-585x393.jpg 585w, https:\/\/zonaroja.com.mx\/wp-content\/uploads\/2021\/06\/Consejo-municipal-Xoxocotlan-263x175.jpg 263w\" sizes=\"(max-width: 1000px) 100vw, 1000px\" \/><\/figure>\n","protected":false},"excerpt":{"rendered":"<p>Ismael Garc\u00eda M.\/Zona Roja. Oaxaca de Ju\u00e1rez, Oax., 10 de junio de 2021.- La violencia&hellip;<\/p>\n","protected":false},"author":2,"featured_media":28374,"comment_status":"closed","ping_status":"open","sticky":false,"template":"","format":"standard","meta":{"_lmt_disableupdate":"","_lmt_disable":"","_jetpack_memberships_contains_paid_content":false,"footnotes":""},"categories":[109,47],"tags":[2734,133],"class_list":["post-28372","post","type-post","status-publish","format-standard","has-post-thumbnail","hentry","category-minuto-a-minuto","category-zona-gris","tag-inocente-castellanos","tag-santa-cruz-xoxocotlan"],"jetpack_featured_media_url":"https:\/\/zonaroja.com.mx\/wp-content\/uploads\/2021\/06\/Danos-Xoxocotlan.jpg","jetpack_sharing_enabled":true,"_links":{"self":[{"href":"https:\/\/zonaroja.com.mx\/index.php?rest_route=\/wp\/v2\/posts\/28372","targetHints":{"allow":["GET"]}}],"collection":[{"href":"https:\/\/zonaroja.com.mx\/index.php?rest_route=\/wp\/v2\/posts"}],"about":[{"href":"https:\/\/zonaroja.com.mx\/index.php?rest_route=\/wp\/v2\/types\/post"}],"author":[{"embeddable":true,"href":"https:\/\/zonaroja.com.mx\/index.php?rest_route=\/wp\/v2\/users\/2"}],"replies":[{"embeddable":true,"href":"https:\/\/zonaroja.com.mx\/index.php?rest_route=%2Fwp%2Fv2%2Fcomments&post=28372"}],"version-history":[{"count":1,"href":"https:\/\/zonaroja.com.mx\/index.php?rest_route=\/wp\/v2\/posts\/28372\/revisions"}],"predecessor-version":[{"id":28375,"href":"https:\/\/zonaroja.com.mx\/index.php?rest_route=\/wp\/v2\/posts\/28372\/revisions\/28375"}],"wp:featuredmedia":[{"embeddable":true,"href":"https:\/\/zonaroja.com.mx\/index.php?rest_route=\/wp\/v2\/media\/28374"}],"wp:attachment":[{"href":"https:\/\/zonaroja.com.mx\/index.php?rest_route=%2Fwp%2Fv2%2Fmedia&parent=28372"}],"wp:term":[{"taxonomy":"category","embeddable":true,"href":"https:\/\/zonaroja.com.mx\/index.php?rest_route=%2Fwp%2Fv2%2Fcategories&post=28372"},{"taxonomy":"post_tag","embeddable":true,"href":"https:\/\/zonaroja.com.mx\/index.php?rest_route=%2Fwp%2Fv2%2Ftags&post=28372"}],"curies":[{"name":"wp","href":"https:\/\/api.w.org\/{rel}","templated":true}]}}