{"id":2838,"date":"2019-08-05T18:05:47","date_gmt":"2019-08-05T23:05:47","guid":{"rendered":"http:\/\/www.zonaroja.com.mx\/?p=2838"},"modified":"2019-08-05T18:05:50","modified_gmt":"2019-08-05T23:05:50","slug":"autoridades-de-alotepe-mixe-deslindan-a-titular-del-inpi-de-hechos-en-la-zona","status":"publish","type":"post","link":"https:\/\/zonaroja.com.mx\/?p=2838","title":{"rendered":"Autoridades de Alotepe Mixe, deslindan a titular del INPI de hechos en la zona"},"content":{"rendered":"\n<p>Redacci\u00f3n\/Zona\nRoja<\/p>\n\n\n\n<p>Oaxaca de\nJu\u00e1rez, Oax., 5 de agosto de 2019.- Autoridades de Santa Mar\u00eda Alotepec Mixe\ndesmintieron que el titular del Instituto Nacional de los Pueblos Ind\u00edgenas\n(INI), Adelfo Regino Montes, tenga alg\u00fan tipo de injerencia en la localidad o responsabilidad\nalguna en la detenci\u00f3n y encarcelamiento de siete mujeres, el pasado 1 de\nagosto.<\/p>\n\n\n\n<p>Lo anterior\nluego de que se difundiera un supuesto comunicado de las mujeres afectadas, en\nel que involucraban al funcionario federal en los hechos ocurridos en la\nlocalidad y que causaron indignaci\u00f3n en las redes sociales.<\/p>\n\n\n\n<p>\u201cEl\nlicenciado Regino es un miembro m\u00e1s de nuestra comunidad y no tiene preferencia\nni atribuciones especiales; quiz\u00e1 por la gran responsabilidad que tiene ahora\nson muy espor\u00e1dicas sus visitas a la comunidad, en ning\u00fan momento se ha\nacercado a nosotros con una actitud altanera y prepotente, el licenciado Regino\nha sido siempre cauteloso y respetuoso de sus autoridades y asamblea\u201d, cita el\ndocumento firmado y sellado por quienes integran la autoridad municipal,\nencabezados por Jos\u00e9 Galv\u00e1n L\u00f3pez. <\/p>\n\n\n\n<p>Reiteraron\nque los hechos fueron sacados de contexto, toda vez que de acuerdo con los usos\ny costumbres de la localidad, las mujeres fueron sancionadas por negarse a\ndevolver los utensilios del Comedor Comunitario que tienen bajo su resguardo,\nacci\u00f3n que fue aprovechada por algunos medios de comunicaci\u00f3n para darla como\nnota \u201camarillista\u201d, causando indignaci\u00f3n y se\u00f1alamientos en contra de las\nautoridades.<\/p>\n\n\n\n<p>\u201cFuimos\nse\u00f1alados como faltos de sensibilidad hacia los temas de g\u00e9nero y derechos de\nlas mujeres, recreando un ambiente de opresi\u00f3n y sometimiento hacia las mujeres\nde nuestra comunidad\u201d refieren.<\/p>\n\n\n\n<p>Por lo\nanterior solicitaron de manera inmediata una investigaci\u00f3n exhaustiva de los\nhechos, asumiendo incluso la destituci\u00f3n de cargo en caso de ser responsables\nde alg\u00fan delito o por violaci\u00f3n a los de derechos humanos.<\/p>\n\n\n\n<p>As\u00ed mismo,\nreiteraron&nbsp; su invitaci\u00f3n a las\nautoridades estatales y organizaciones sociales para conocer los hechos de\nforma personal los hechos, a la par que refirieron estar en la disposici\u00f3n de\nser sede de un foro sobre derechos humanos a fin de evitar la repetici\u00f3n de\nhechos como los que se registraron la semana pasada.<\/p>\n","protected":false},"excerpt":{"rendered":"<p>Redacci\u00f3n\/Zona Roja Oaxaca de Ju\u00e1rez, Oax., 5 de agosto de 2019.- Autoridades de Santa Mar\u00eda&hellip;<\/p>\n","protected":false},"author":2,"featured_media":2839,"comment_status":"closed","ping_status":"open","sticky":false,"template":"","format":"standard","meta":{"_lmt_disableupdate":"","_lmt_disable":"","_jetpack_memberships_contains_paid_content":false,"footnotes":""},"categories":[109,47],"tags":[],"class_list":["post-2838","post","type-post","status-publish","format-standard","has-post-thumbnail","hentry","category-minuto-a-minuto","category-zona-gris"],"jetpack_featured_media_url":"https:\/\/zonaroja.com.mx\/wp-content\/uploads\/2019\/08\/Alotepec-2.jpg","jetpack_sharing_enabled":true,"_links":{"self":[{"href":"https:\/\/zonaroja.com.mx\/index.php?rest_route=\/wp\/v2\/posts\/2838","targetHints":{"allow":["GET"]}}],"collection":[{"href":"https:\/\/zonaroja.com.mx\/index.php?rest_route=\/wp\/v2\/posts"}],"about":[{"href":"https:\/\/zonaroja.com.mx\/index.php?rest_route=\/wp\/v2\/types\/post"}],"author":[{"embeddable":true,"href":"https:\/\/zonaroja.com.mx\/index.php?rest_route=\/wp\/v2\/users\/2"}],"replies":[{"embeddable":true,"href":"https:\/\/zonaroja.com.mx\/index.php?rest_route=%2Fwp%2Fv2%2Fcomments&post=2838"}],"version-history":[{"count":1,"href":"https:\/\/zonaroja.com.mx\/index.php?rest_route=\/wp\/v2\/posts\/2838\/revisions"}],"predecessor-version":[{"id":2840,"href":"https:\/\/zonaroja.com.mx\/index.php?rest_route=\/wp\/v2\/posts\/2838\/revisions\/2840"}],"wp:featuredmedia":[{"embeddable":true,"href":"https:\/\/zonaroja.com.mx\/index.php?rest_route=\/wp\/v2\/media\/2839"}],"wp:attachment":[{"href":"https:\/\/zonaroja.com.mx\/index.php?rest_route=%2Fwp%2Fv2%2Fmedia&parent=2838"}],"wp:term":[{"taxonomy":"category","embeddable":true,"href":"https:\/\/zonaroja.com.mx\/index.php?rest_route=%2Fwp%2Fv2%2Fcategories&post=2838"},{"taxonomy":"post_tag","embeddable":true,"href":"https:\/\/zonaroja.com.mx\/index.php?rest_route=%2Fwp%2Fv2%2Ftags&post=2838"}],"curies":[{"name":"wp","href":"https:\/\/api.w.org\/{rel}","templated":true}]}}