{"id":28382,"date":"2021-06-10T09:21:57","date_gmt":"2021-06-10T14:21:57","guid":{"rendered":"http:\/\/www.zonaroja.com.mx\/?p=28382"},"modified":"2021-06-10T09:22:06","modified_gmt":"2021-06-10T14:22:06","slug":"asegura-fiscalia-que-investiga-los-casos-de-guadalupe-abigail-y-viridiana-como-feminicidios","status":"publish","type":"post","link":"https:\/\/zonaroja.com.mx\/?p=28382","title":{"rendered":"Asegura Fiscal\u00eda que investiga los casos de Guadalupe Abigail y Viridiana como feminicidios"},"content":{"rendered":"\n<p>Redacci\u00f3n\/Zona Roja.<\/p>\n\n\n\n<p>Oaxaca de Ju\u00e1rez, Oax., 10 de junio de 2021.- La Fiscal\u00eda General del Estado de Oaxaca (FGEO) inform\u00f3 que dio inicio a carpetas de investigaci\u00f3n por dos muertes violentas de mujeres suscitados en los \u00faltimos d\u00edas en diferentes municipios de la regi\u00f3n del Istmo de Tehuantepec.<\/p>\n\n\n\n<p>Los casos \u201cse atienden desde el primer momento con perspectiva de g\u00e9nero y cumpliendo los protocolos que exigen ambos feminicidios\u201d, expuso a trav\u00e9s de un comunicado.<\/p>\n\n\n\n<p>Detall\u00f3 que respecto al caso de la v\u00edctima de feminicidio identificada como G. A. R. O. (Guadalupe Abigail), la FGEO expuso que familiares de la v\u00edctima reportaron su desaparici\u00f3n el 6 de junio de 2021, fecha en que se inici\u00f3 -ante la Unidad de B\u00fasqueda de Personas No Localizadas- el reporte 306\/FIST\/DNOL\/2021, en estricto a pego a los protocolos de b\u00fasqueda y localizaci\u00f3n de personas.<\/p>\n\n\n\n<p>\u201cComo parte de las labores de b\u00fasqueda de la v\u00edctima, el 7 de junio del 2021, se recibi\u00f3 un reporte que indicaba que presuntamente vieron a la v\u00edctima dentro de un domicilio particular en Salina Cruz.<\/p>\n\n\n\n<p>\u201cLuego del apoyo de la polic\u00eda municipal de este puerto, se estableci\u00f3 que G. A. R. O. no se encontraba en el sitio, por lo que se inici\u00f3 la carpeta de investigaci\u00f3n 19086\/FIST\/SALINA\/2021 por privaci\u00f3n ilegal de la libertad.<\/p>\n\n\n\n<p>\u201cSin embargo, la tarde del 8 de junio de 2021, Agentes Estatales de Investigaci\u00f3n localizaron el cuerpo de la v\u00edctima en inmediaciones de la poblaci\u00f3n de Miramar, Salina Cruz; ante este hecho, la Fiscal\u00eda General inici\u00f3 carpeta de investigaci\u00f3n 19240\/FIST\/FMUJ-TEHUANTEPEC\/2021, por el delito de feminicidi\u201do.<\/p>\n\n\n\n<p>Asimismo, la Fiscal\u00eda General inici\u00f3 carpeta de investigaci\u00f3n 18975\/FIST\/FMUJ-TEHUANTEPEC\/2021 por el delito de feminicidio, luego de un ataque armado contra la mujer identificada como V. M. A. (Viridiana), crimen cometido en jurisdicci\u00f3n de El Barrio de la Soledad.<\/p>\n\n\n\n<p>Los hechos se suscitaron el pasado 7 de junio, alrededor de las 07:00 horas, cuando la v\u00edctima se dirig\u00eda a su centro de trabajo, fue abatida con disparos de arma de fuego, perdiendo la vida en inmediaciones de la poblaci\u00f3n de Guiguba, Barrio de la Soledad.<\/p>\n\n\n\n<p>\u201cEn ambos hechos, la Instituci\u00f3n de procuraci\u00f3n de justicia despleg\u00f3 a su personal multidisciplinario, a fin de que estos cr\u00edmenes no queden en la impunidad, realizando investigaciones bajo el Protocolo Ministerial, Policial y Pericial del Delito de Feminicidio en el Estado de Oaxaca, priorizando las necesidades particulares de las v\u00edctimas indirectas\u201d, expres\u00f3.<\/p>\n\n\n\n<p>Adem\u00e1s, que en los dos casos, la Fiscal\u00eda General del Estado de Oaxaca ha brindado apoyo y seguimiento con las v\u00edctimas indirectas que han llevado acompa\u00f1amiento profesional durante todo este proceso legal.<\/p>\n","protected":false},"excerpt":{"rendered":"<p>Redacci\u00f3n\/Zona Roja. Oaxaca de Ju\u00e1rez, Oax., 10 de junio de 2021.- La Fiscal\u00eda General del&hellip;<\/p>\n","protected":false},"author":2,"featured_media":28383,"comment_status":"closed","ping_status":"open","sticky":false,"template":"","format":"standard","meta":{"_lmt_disableupdate":"","_lmt_disable":"","_jetpack_memberships_contains_paid_content":false,"footnotes":""},"categories":[109,47],"tags":[494],"class_list":["post-28382","post","type-post","status-publish","format-standard","has-post-thumbnail","hentry","category-minuto-a-minuto","category-zona-gris","tag-fiscalia-general-del-estado-de-oaxaca"],"jetpack_featured_media_url":"https:\/\/zonaroja.com.mx\/wp-content\/uploads\/2021\/06\/f2.jpg","jetpack_sharing_enabled":true,"_links":{"self":[{"href":"https:\/\/zonaroja.com.mx\/index.php?rest_route=\/wp\/v2\/posts\/28382","targetHints":{"allow":["GET"]}}],"collection":[{"href":"https:\/\/zonaroja.com.mx\/index.php?rest_route=\/wp\/v2\/posts"}],"about":[{"href":"https:\/\/zonaroja.com.mx\/index.php?rest_route=\/wp\/v2\/types\/post"}],"author":[{"embeddable":true,"href":"https:\/\/zonaroja.com.mx\/index.php?rest_route=\/wp\/v2\/users\/2"}],"replies":[{"embeddable":true,"href":"https:\/\/zonaroja.com.mx\/index.php?rest_route=%2Fwp%2Fv2%2Fcomments&post=28382"}],"version-history":[{"count":1,"href":"https:\/\/zonaroja.com.mx\/index.php?rest_route=\/wp\/v2\/posts\/28382\/revisions"}],"predecessor-version":[{"id":28384,"href":"https:\/\/zonaroja.com.mx\/index.php?rest_route=\/wp\/v2\/posts\/28382\/revisions\/28384"}],"wp:featuredmedia":[{"embeddable":true,"href":"https:\/\/zonaroja.com.mx\/index.php?rest_route=\/wp\/v2\/media\/28383"}],"wp:attachment":[{"href":"https:\/\/zonaroja.com.mx\/index.php?rest_route=%2Fwp%2Fv2%2Fmedia&parent=28382"}],"wp:term":[{"taxonomy":"category","embeddable":true,"href":"https:\/\/zonaroja.com.mx\/index.php?rest_route=%2Fwp%2Fv2%2Fcategories&post=28382"},{"taxonomy":"post_tag","embeddable":true,"href":"https:\/\/zonaroja.com.mx\/index.php?rest_route=%2Fwp%2Fv2%2Ftags&post=28382"}],"curies":[{"name":"wp","href":"https:\/\/api.w.org\/{rel}","templated":true}]}}