{"id":28388,"date":"2021-06-10T15:28:04","date_gmt":"2021-06-10T20:28:04","guid":{"rendered":"http:\/\/www.zonaroja.com.mx\/?p=28388"},"modified":"2021-06-10T15:28:08","modified_gmt":"2021-06-10T20:28:08","slug":"presentan-denuncias-contra-edil-y-candidata-de-morena-en-xoxocotlan","status":"publish","type":"post","link":"https:\/\/zonaroja.com.mx\/?p=28388","title":{"rendered":"Presentan denuncias contra edil y candidata de Morena en Xoxocotl\u00e1n"},"content":{"rendered":"\n<p>Evlin Arag\u00f3n\/Zona Roja.<\/p>\n\n\n\n<p>Oaxaca de Ju\u00e1rez, Oax., 10 de junio de 2021.- \u201cAyer est\u00e1bamos ah\u00ed cuidando las boletas y empez\u00f3 a llegar gente con chalecos antibalas y armas. Lo que yo hice fue echarme para atr\u00e1s, para cuidarme m\u00e1s que nada. Si estuvo feo, muy pesado. Yo pido que se tomen cartas en el asunto\u201d.<\/p>\n\n\n\n<p>\u201cSi estuvo muy peligroso, desde la ma\u00f1ana la gente de la se\u00f1ora Tania estuvo amenazando much\u00edsimo. Ellas empezaron con la agresi\u00f3n, a estarnos insultando y agrediendo f\u00edsicamente. Ayer estuvimos rodeados por toda esta gente y fueron quienes iniciaron los balazos\u201d.&nbsp;&nbsp;<\/p>\n\n\n\n<p>Son los testimonios de simpatizantes de Inocente \u201cChente\u201d Castellanos, candidato a la presidencia municipal de Santa Cruz Xoxocotl\u00e1n por el partido Fuerza por M\u00e9xico, quien denunci\u00f3 la compra de votos y otras irregularidades cometidas por la candidata Tania L\u00f3pez, representante de Morena.&nbsp;<\/p>\n\n\n\n<p>En conferencia de prensa esta ma\u00f1ana, acusaron al actual edil Alejandro L\u00f3pez Jarqu\u00edn, de estar detr\u00e1s de la violencia en el municipio, toda vez que Tania L\u00f3pez es su esposa y representa la continuidad de su administraci\u00f3n en el municipio conurbado a la ciudad capital.\u00a0<\/p>\n\n\n\n<figure class=\"wp-block-embed-twitter wp-block-embed is-type-rich is-provider-twitter\"><div class=\"wp-block-embed__wrapper\">\n<div class=\"twitter-tweet\"><blockquote class=\"twitter-tweet\" data-lang=\"es\"><p lang=\"es\" dir=\"ltr\"><a href=\"https:\/\/twitter.com\/hashtag\/ENVIVO?src=hash&amp;ref_src=twsrc%5Etfw\">#ENVIVO<\/a> <br>Santa Cruz Xoxocotl\u00e1n, Oax., 10 de junio de 2021.- Conferencia de prensa del candidato de Fuerza por M\u00e9xico, <a href=\"https:\/\/twitter.com\/DrCCastellanos?ref_src=twsrc%5Etfw\">@DrCCastellanos<\/a>, quien denuncia agresiones perpetradas anoche.<br>Siga aqu\u00ed la transmisi\u00f3n aqu\u00ed:<br>\ud83d\udc47<a href=\"https:\/\/t.co\/GGPnFhdf8z\">https:\/\/t.co\/GGPnFhdf8z<\/a> <a href=\"https:\/\/t.co\/BIlss5alBp\">pic.twitter.com\/BIlss5alBp<\/a><\/p>&mdash; Zona Roja Oaxaca (@Zona_Roja_Oax) <a href=\"https:\/\/twitter.com\/Zona_Roja_Oax\/status\/1403017834582663171?ref_src=twsrc%5Etfw\">10 de junio de 2021<\/a><\/blockquote><\/div>\n<\/div><\/figure>\n\n\n\n<p>\u201cEs lamentable y triste lo que est\u00e1 sucediendo en mi pueblo. Del tiempo en el que hemos vivido aqu\u00ed no se hab\u00edan registrado estos niveles de violencia en contra de la gente, derivado de la ambici\u00f3n de gente de fuera que nos vino a gobernar\u201d, refiri\u00f3 una xoxe\u00f1a.&nbsp;<\/p>\n\n\n\n<p>Explic\u00f3 que no est\u00e1 a favor o en contra de un candidato en espec\u00edfico, se trata de buscar lo mejor para el pueblo, que haya paz. De ah\u00ed que pidi\u00f3 a los involucrado en el conflicto para que hagan conciencia, demuestren el amor a la localidad que los vio nacer y no se vendan por unos pesos.<\/p>\n\n\n\n<p>Mientras que, el todav\u00eda candidato Inocente Castellanos, record\u00f3 que fue despu\u00e9s de las diez de la noche que se registraron los hechos violentos en la localidad, mismos que incluyeron detonaci\u00f3n de armas de fuego, en contra de quienes resguardan la sede del consejo electoral municipal.<\/p>\n\n\n\n<p>Detall\u00f3 que, por lo hechos, present\u00f3 una denuncia y hay una carpeta de investigaci\u00f3n por parte de la Fiscal\u00eda General del Estado, as\u00ed como una persona lesionada que muy probable pierda un ojo debido a la violencia en su contra.<\/p>\n\n\n\n<figure class=\"wp-block-embed-twitter wp-block-embed is-type-rich is-provider-twitter\"><div class=\"wp-block-embed__wrapper\">\n<div class=\"twitter-tweet\"><blockquote class=\"twitter-tweet\" data-lang=\"es\"><p lang=\"es\" dir=\"ltr\"><a href=\"https:\/\/twitter.com\/hashtag\/EleccionesOaxaca2021?src=hash&amp;ref_src=twsrc%5Etfw\">#EleccionesOaxaca2021<\/a> <br>(2) Videos desmienten versi\u00f3n del edil de Xoxocotl\u00e1n, <a href=\"https:\/\/twitter.com\/Alejandro_ALJ?ref_src=twsrc%5Etfw\">@Alejandro_ALJ<\/a>, que la bala contra la camioneta del equipo de campa\u00f1a de <a href=\"https:\/\/twitter.com\/DrCCastellanos?ref_src=twsrc%5Etfw\">@DrCCastellanos<\/a> habr\u00eda sido de adentro hacia el toldo. <br>La unidad de motor baleada est\u00e1 resguardada. <a href=\"https:\/\/t.co\/nIbthH2kZT\">pic.twitter.com\/nIbthH2kZT<\/a><\/p>&mdash; Zona Roja Oaxaca (@Zona_Roja_Oax) <a href=\"https:\/\/twitter.com\/Zona_Roja_Oax\/status\/1403081556844027911?ref_src=twsrc%5Etfw\">10 de junio de 2021<\/a><\/blockquote><\/div>\n<\/div><\/figure>\n\n\n\n<p>A la par que responsabiliz\u00f3 a Alejandro L\u00f3pez Jarqu\u00edn y Tania L\u00f3pez de los hechos violentos, debido a su oposici\u00f3n al recuento de las boletas \u201cvoto por voto\u201d.<\/p>\n\n\n\n<p>Finalmente, se deslind\u00f3 de la violencia que se vive actualmente en la localidad y pidi\u00f3 la intervenci\u00f3n de las autoridades estatales y federales para evitar que Santa Cruz Xoxocotl\u00e1n se convierta en un localidad vinculada y controlada por la delincuencia, adem\u00e1s que pidi\u00f3 la protecci\u00f3n para la poblaci\u00f3n en general.&nbsp;&nbsp;<\/p>\n","protected":false},"excerpt":{"rendered":"<p>Evlin Arag\u00f3n\/Zona Roja. Oaxaca de Ju\u00e1rez, Oax., 10 de junio de 2021.- \u201cAyer est\u00e1bamos ah\u00ed&hellip;<\/p>\n","protected":false},"author":2,"featured_media":28389,"comment_status":"closed","ping_status":"open","sticky":false,"template":"","format":"standard","meta":{"_lmt_disableupdate":"","_lmt_disable":"","_jetpack_memberships_contains_paid_content":false,"footnotes":""},"categories":[109,47],"tags":[2724,133],"class_list":["post-28388","post","type-post","status-publish","format-standard","has-post-thumbnail","hentry","category-minuto-a-minuto","category-zona-gris","tag-inocente-castellanos-flores","tag-santa-cruz-xoxocotlan"],"jetpack_featured_media_url":"https:\/\/zonaroja.com.mx\/wp-content\/uploads\/2021\/06\/Conferencia-Inocente-Castellanos.jpg","jetpack_sharing_enabled":true,"_links":{"self":[{"href":"https:\/\/zonaroja.com.mx\/index.php?rest_route=\/wp\/v2\/posts\/28388","targetHints":{"allow":["GET"]}}],"collection":[{"href":"https:\/\/zonaroja.com.mx\/index.php?rest_route=\/wp\/v2\/posts"}],"about":[{"href":"https:\/\/zonaroja.com.mx\/index.php?rest_route=\/wp\/v2\/types\/post"}],"author":[{"embeddable":true,"href":"https:\/\/zonaroja.com.mx\/index.php?rest_route=\/wp\/v2\/users\/2"}],"replies":[{"embeddable":true,"href":"https:\/\/zonaroja.com.mx\/index.php?rest_route=%2Fwp%2Fv2%2Fcomments&post=28388"}],"version-history":[{"count":1,"href":"https:\/\/zonaroja.com.mx\/index.php?rest_route=\/wp\/v2\/posts\/28388\/revisions"}],"predecessor-version":[{"id":28390,"href":"https:\/\/zonaroja.com.mx\/index.php?rest_route=\/wp\/v2\/posts\/28388\/revisions\/28390"}],"wp:featuredmedia":[{"embeddable":true,"href":"https:\/\/zonaroja.com.mx\/index.php?rest_route=\/wp\/v2\/media\/28389"}],"wp:attachment":[{"href":"https:\/\/zonaroja.com.mx\/index.php?rest_route=%2Fwp%2Fv2%2Fmedia&parent=28388"}],"wp:term":[{"taxonomy":"category","embeddable":true,"href":"https:\/\/zonaroja.com.mx\/index.php?rest_route=%2Fwp%2Fv2%2Fcategories&post=28388"},{"taxonomy":"post_tag","embeddable":true,"href":"https:\/\/zonaroja.com.mx\/index.php?rest_route=%2Fwp%2Fv2%2Ftags&post=28388"}],"curies":[{"name":"wp","href":"https:\/\/api.w.org\/{rel}","templated":true}]}}