{"id":28391,"date":"2021-06-10T15:52:04","date_gmt":"2021-06-10T20:52:04","guid":{"rendered":"http:\/\/www.zonaroja.com.mx\/?p=28391"},"modified":"2021-06-10T15:52:06","modified_gmt":"2021-06-10T20:52:06","slug":"desaparece-nina-de-12-anos-en-union-hidalgo-no-cesa-los-casos-en-oaxaca","status":"publish","type":"post","link":"https:\/\/zonaroja.com.mx\/?p=28391","title":{"rendered":"Desaparece ni\u00f1a de 12 a\u00f1os en Uni\u00f3n Hidalgo; no cesa los casos en Oaxaca"},"content":{"rendered":"\n<p>Evlin Arag\u00f3n\/Zona Roja.<\/p>\n\n\n\n<p>Oaxaca de Ju\u00e1rez, Oax., 10 de junio de 2021.- \u201cNunca pens\u00e9 tener que hacer esto. Solicito su ayuda para buscar a mi sobrina. Se llama Juliette Danae Mar\u00edn Ch\u00e9e. Vest\u00eda short negro, tenis rosas, sudadera color vino. Fue vista por \u00faltima vez en Uni\u00f3n Hidalgo Oaxaca a las 2:00 pm de hoy 9 de junio\u201d.<\/p>\n\n\n\n<p>Es el mensaje que v\u00eda redes sociales difunde Jocelyn Santiago en una desesperada b\u00fasqueda de dar con el paradero con la menor de s\u00f3lo 12 a\u00f1os de edad, desaparecida este mi\u00e9rcoles en la regi\u00f3n del Istmo de Tehuantepec.&nbsp;<\/p>\n\n\n\n<p>Juliette Danae es la m\u00e1s reciente adolescente reportada como no localizada en la entidad oaxaque\u00f1a, situaci\u00f3n que preocupa de sobremanera tras el reciente caso de Guadalupe Abigail, quien tras una semana de estar desaparecida fue localizada sin vida en el municipio de Salina Cruz.<\/p>\n\n\n\n<p>La familia de Juliette ha denunciado la revictimizaci\u00f3n que sufren al acudir a la Fiscal\u00eda General del Estado para reportar la desaparici\u00f3n, cuyo personal adem\u00e1s quer\u00eda esperar hasta el d\u00eda siguiente para emitir la ficha de b\u00fasqueda respectiva.<\/p>\n\n\n\n<p>\u201cHay un lugar en el infierno para aquellas personas que buscan extorsionarnos por la desaparici\u00f3n de mi sobrina. Y para los funcionarios que impiden que las b\u00fasquedas sean prontas, inmediatas y sin obst\u00e1culos\u201d, refiere su familiar en Twitter.&nbsp;<\/p>\n\n\n\n<p>A la lista se une Ver\u00f3nica Astrid Oropeza Pacheco, quien fue reportada como desaparecida por el Colectivo Hijas de la Luna, con presencia en la regi\u00f3n de la Mixteca, quienes se manifiestan preocupadas por la situaci\u00f3n.&nbsp;<\/p>\n\n\n\n<p>Y aunque no existe el reporte ante la autoridad, han iniciado con la difusi\u00f3n de su foto a trav\u00e9s de las redes sociales.&nbsp;<\/p>\n\n\n\n<p>\u201cAlerta. Ay\u00fadanos a localizarla, su nombre es Ver\u00f3nica Astrid Oropeza Pacheco. Si alguien la ha visto o sabe algo de ella por favor m\u00e1ndenme mensaje, no sabemos nada de ella y estamos muy preocupados\u201d, refiere la fotograf\u00eda publicada.&nbsp;<\/p>\n\n\n\n<p>Mientras que en la p\u00e1gina de la Unidad de B\u00fasqueda de Personas Desaparecida y No Localizadas se encuentran activas las fichas de por lo menos seis mujeres desaparecidas en lo que va de este mes de junio.&nbsp;<\/p>\n\n\n\n<p>Se trata de Mar\u00eda Isabel P\u00e9rez Hern\u00e1ndez, de 44 a\u00f1os de edad, quien fue vista por \u00faltima vez el 09 de junio en Tlacolula de Matamoros.<\/p>\n\n\n\n<p>Un d\u00eda antes, se report\u00f3 la desaparici\u00f3n de Yesnny F\u00e1tima Hern\u00e1ndez Ocampo, de 17 a\u00f1os de edad, quien desapareci\u00f3 en colonia Eucaliptos, de la agencia de Pueblo Nuevo, en la ciudad de Oaxaca; ello en compa\u00f1\u00eda de Rosemberg Emmanuel, de tan solo dos a\u00f1os de edad.&nbsp;&nbsp;<\/p>\n\n\n\n<p>El 7 de junio, tambi\u00e9n en la capital oaxaque\u00f1a, Romina Mar\u00eda Ru\u00edz S\u00e1nchez, de 15 a\u00f1os de edad, fue vista por \u00faltima vez, en inmediaciones de la colonia Ejido Guadalupe Victoria.&nbsp;<\/p>\n\n\n\n<p>As\u00ed mismo, familiares de Dulce Mar\u00eda Cruz Morales, de 14 a\u00f1os de edad, reportaron su desaparici\u00f3n el d\u00eda cinco de junio, en la segunda privada de Benito Ju\u00e1rez de la Primera Ampliaci\u00f3n, en el municipio de Santa Cruz Xoxocotl\u00e1n.<\/p>\n\n\n\n<p>Finalmente, el primero de junio, en hechos separados se denunci\u00f3 la desaparici\u00f3n de Lizbeth Robles Palacios, de 15 a\u00f1os de edad; y de Alejandra Karina Rodr\u00edguez Narv\u00e1ez, de 27 a\u00f1os, quienes fueron vistas por \u00faltima vez en la San Pedro Tututepec y Santiago Matatl\u00e1n, respectivamente.&nbsp;<\/p>\n","protected":false},"excerpt":{"rendered":"<p>Evlin Arag\u00f3n\/Zona Roja. Oaxaca de Ju\u00e1rez, Oax., 10 de junio de 2021.- \u201cNunca pens\u00e9 tener&hellip;<\/p>\n","protected":false},"author":2,"featured_media":28392,"comment_status":"closed","ping_status":"open","sticky":false,"template":"","format":"standard","meta":{"_lmt_disableupdate":"","_lmt_disable":"","_jetpack_memberships_contains_paid_content":false,"footnotes":""},"categories":[109,47],"tags":[455],"class_list":["post-28391","post","type-post","status-publish","format-standard","has-post-thumbnail","hentry","category-minuto-a-minuto","category-zona-gris","tag-mujeres-desaparecidas-oaxaca"],"jetpack_featured_media_url":"https:\/\/zonaroja.com.mx\/wp-content\/uploads\/2021\/06\/Desaparecidas-Oaxaca.jpg","jetpack_sharing_enabled":true,"_links":{"self":[{"href":"https:\/\/zonaroja.com.mx\/index.php?rest_route=\/wp\/v2\/posts\/28391","targetHints":{"allow":["GET"]}}],"collection":[{"href":"https:\/\/zonaroja.com.mx\/index.php?rest_route=\/wp\/v2\/posts"}],"about":[{"href":"https:\/\/zonaroja.com.mx\/index.php?rest_route=\/wp\/v2\/types\/post"}],"author":[{"embeddable":true,"href":"https:\/\/zonaroja.com.mx\/index.php?rest_route=\/wp\/v2\/users\/2"}],"replies":[{"embeddable":true,"href":"https:\/\/zonaroja.com.mx\/index.php?rest_route=%2Fwp%2Fv2%2Fcomments&post=28391"}],"version-history":[{"count":1,"href":"https:\/\/zonaroja.com.mx\/index.php?rest_route=\/wp\/v2\/posts\/28391\/revisions"}],"predecessor-version":[{"id":28393,"href":"https:\/\/zonaroja.com.mx\/index.php?rest_route=\/wp\/v2\/posts\/28391\/revisions\/28393"}],"wp:featuredmedia":[{"embeddable":true,"href":"https:\/\/zonaroja.com.mx\/index.php?rest_route=\/wp\/v2\/media\/28392"}],"wp:attachment":[{"href":"https:\/\/zonaroja.com.mx\/index.php?rest_route=%2Fwp%2Fv2%2Fmedia&parent=28391"}],"wp:term":[{"taxonomy":"category","embeddable":true,"href":"https:\/\/zonaroja.com.mx\/index.php?rest_route=%2Fwp%2Fv2%2Fcategories&post=28391"},{"taxonomy":"post_tag","embeddable":true,"href":"https:\/\/zonaroja.com.mx\/index.php?rest_route=%2Fwp%2Fv2%2Ftags&post=28391"}],"curies":[{"name":"wp","href":"https:\/\/api.w.org\/{rel}","templated":true}]}}