{"id":28399,"date":"2021-06-10T19:32:30","date_gmt":"2021-06-11T00:32:30","guid":{"rendered":"https:\/\/www.zonaroja.com.mx\/?p=28399"},"modified":"2021-06-10T20:18:55","modified_gmt":"2021-06-11T01:18:55","slug":"marchan-en-lagunas-oaxaca-para-exigir-justicia-por-viridiana-asesinada-el-lunes","status":"publish","type":"post","link":"https:\/\/zonaroja.com.mx\/?p=28399","title":{"rendered":"Marchan en Lagunas, Oaxaca, para exigir justicia por Viridiana, asesinada el lunes"},"content":{"rendered":"\n<p class=\"MsoNormal\">Evlin Arag\u00f3n\/Zona Roja. Fotos: Expresi\u00f3n Noticias<\/p>\n\n\n\n<p class=\"MsoNormal\">Oaxaca de Ju\u00e1rez, Oax., 10 de junio de 2021.- &nbsp;Vestidas de blanco y con alg\u00fan distintivo morado, decenas de personas, particularmente ni\u00f1as, j\u00f3venes y mujeres, se reunieron y marcharon en la localidad de Lagunas, en el municipio El Bario de la Soledad, para exigir justicia por el feminicidio de Viridiana&nbsp;&nbsp;<\/p>\n\n\n\n<p class=\"MsoNormal\">\u201cLa violencia deja marcas, no verlas deja feminicidios. Ni una menos, somos la voz de Viri\u201d y \u201cSomos el grito de la que ya no tienen vos. Ni una menos. Justicia para Viri\u201d, fueron parte de las consignas escritas en las pancartas que portaron las asistentes a la marcha.&nbsp;&nbsp;&nbsp;<\/p>\n\n\n\n<p class=\"MsoNormal\">Viridiana, fue v\u00edctima de la violencia de g\u00e9nero y feminicida que se registra en el Istmo de Tehuantepec, regi\u00f3n que se ha convertido en una de las m\u00e1s violentas para las mujeres, como ha quedado al descubierto en los \u00faltimos d\u00edas.&nbsp;&nbsp;<\/p>\n\n\n\n<p class=\"MsoNormal\">La joven fue asesinada el pasado lunes, en v\u00edsperas de su cumplea\u00f1os n\u00famero 31, mientras se dirig\u00eda a su centro de trabajo, raz\u00f3n por la que&nbsp;este jueves&nbsp;la poblaci\u00f3n sali\u00f3 a las calles para exigir respeto a la vida de las mujeres y justicia para la joven.<\/p>\n\n\n\n<p class=\"MsoNormal\">De acuerdo con los reportes de medios locales de informaci\u00f3n, Viridiana iba a bordo de su motocicleta cuando le dispararon&nbsp;con arma de fuego, en inmediaciones del camino a Guiguba. Como sucede en estos casos las autoridades de justicia no tiene datos de los responsables.&nbsp;<\/p>\n\n\n\n<p class=\"MsoNormal\">Viridiana laboraba en la casa de visitas de la cementera Cruz Azul en Lagunas. <\/p>\n\n\n\n<figure class=\"wp-block-image size-large\"><img decoding=\"async\" width=\"714\" height=\"536\" src=\"https:\/\/www.zonaroja.com.mx\/wp-content\/uploads\/2021\/06\/img_4258.jpg\" alt=\"\" class=\"wp-image-28398\" srcset=\"https:\/\/zonaroja.com.mx\/wp-content\/uploads\/2021\/06\/img_4258.jpg 714w, https:\/\/zonaroja.com.mx\/wp-content\/uploads\/2021\/06\/img_4258-300x225.jpg 300w, https:\/\/zonaroja.com.mx\/wp-content\/uploads\/2021\/06\/img_4258-585x439.jpg 585w\" sizes=\"(max-width: 714px) 100vw, 714px\" \/><\/figure>\n\n\n\n<p class=\"MsoNormal\">La noticia de su asesinato caus\u00f3 consternaci\u00f3n en sus amigos y familiares, quienes a trav\u00e9s de las redes sociales hicieron un llamado a las autoridades de no impunidad.&nbsp;<\/p>\n\n\n\n<p class=\"MsoNormal\">Apenas ayer en Salina Cruz, cientos de persona, en su mayor\u00eda mujeres, marcharon por las principales calles del municipio de Salina Cruz para manifestar su rechazo a la violencia feminicida que le arrebat\u00f3 la vida a la joven Guadalupe Abigail.&nbsp;&nbsp;<\/p>\n\n\n\n<p class=\"MsoNormal\">\u201cSeguridad para nuestras hijas\u201d, \u201ccastigo para los culpables\u201d, \u201cse\u00f1or, se\u00f1ora no sea indiferente, se mata a las mujeres en la cara de la gente\u201d, fueron parte de las consignas que se escucharon en el trayecto de la marcha que concluy\u00f3 en el parque central del puerto, frente al palacio municipal.&nbsp;<\/p>\n\n\n\n<p class=\"MsoNormal\">El cuerpo sin vida de la joven, de 19 a\u00f1os de edad, fue localizado la noche del martes en inmediaciones del municipio de Salina Cruz, tras haber sido reportada como desaparecida desde el pasado dos de junio; su novio es el principal sospechoso.  <\/p>\n","protected":false},"excerpt":{"rendered":"<p>Evlin Arag\u00f3n\/Zona Roja. Fotos: Expresi\u00f3n Noticias Oaxaca de Ju\u00e1rez, Oax., 10 de junio de 2021.-&hellip;<\/p>\n","protected":false},"author":2,"featured_media":28397,"comment_status":"closed","ping_status":"open","sticky":false,"template":"","format":"standard","meta":{"_lmt_disableupdate":"","_lmt_disable":"","_jetpack_memberships_contains_paid_content":false,"footnotes":""},"categories":[109,47],"tags":[],"class_list":["post-28399","post","type-post","status-publish","format-standard","has-post-thumbnail","hentry","category-minuto-a-minuto","category-zona-gris"],"jetpack_featured_media_url":"https:\/\/zonaroja.com.mx\/wp-content\/uploads\/2021\/06\/img_4259.jpg","jetpack_sharing_enabled":true,"_links":{"self":[{"href":"https:\/\/zonaroja.com.mx\/index.php?rest_route=\/wp\/v2\/posts\/28399","targetHints":{"allow":["GET"]}}],"collection":[{"href":"https:\/\/zonaroja.com.mx\/index.php?rest_route=\/wp\/v2\/posts"}],"about":[{"href":"https:\/\/zonaroja.com.mx\/index.php?rest_route=\/wp\/v2\/types\/post"}],"author":[{"embeddable":true,"href":"https:\/\/zonaroja.com.mx\/index.php?rest_route=\/wp\/v2\/users\/2"}],"replies":[{"embeddable":true,"href":"https:\/\/zonaroja.com.mx\/index.php?rest_route=%2Fwp%2Fv2%2Fcomments&post=28399"}],"version-history":[{"count":2,"href":"https:\/\/zonaroja.com.mx\/index.php?rest_route=\/wp\/v2\/posts\/28399\/revisions"}],"predecessor-version":[{"id":28401,"href":"https:\/\/zonaroja.com.mx\/index.php?rest_route=\/wp\/v2\/posts\/28399\/revisions\/28401"}],"wp:featuredmedia":[{"embeddable":true,"href":"https:\/\/zonaroja.com.mx\/index.php?rest_route=\/wp\/v2\/media\/28397"}],"wp:attachment":[{"href":"https:\/\/zonaroja.com.mx\/index.php?rest_route=%2Fwp%2Fv2%2Fmedia&parent=28399"}],"wp:term":[{"taxonomy":"category","embeddable":true,"href":"https:\/\/zonaroja.com.mx\/index.php?rest_route=%2Fwp%2Fv2%2Fcategories&post=28399"},{"taxonomy":"post_tag","embeddable":true,"href":"https:\/\/zonaroja.com.mx\/index.php?rest_route=%2Fwp%2Fv2%2Ftags&post=28399"}],"curies":[{"name":"wp","href":"https:\/\/api.w.org\/{rel}","templated":true}]}}