{"id":28402,"date":"2021-06-10T21:11:51","date_gmt":"2021-06-11T02:11:51","guid":{"rendered":"http:\/\/www.zonaroja.com.mx\/?p=28402"},"modified":"2021-06-10T21:11:53","modified_gmt":"2021-06-11T02:11:53","slug":"llega-manana-amlo-a-oaxaca-murat-apacigua-animos-en-coatlan","status":"publish","type":"post","link":"https:\/\/zonaroja.com.mx\/?p=28402","title":{"rendered":"Llega ma\u00f1ana AMLO a Oaxaca; Murat apacigua \u00e1nimos en Coatl\u00e1n"},"content":{"rendered":"\n<p>Redacci\u00f3n\/Zona Roja.<\/p>\n\n\n\n<p>Oaxaca de Ju\u00e1rez, Oax., 10 de junio de 2021.- El Presidente de M\u00e9xico, Andr\u00e9s Manuel L\u00f3pez Obrador, llega ma\u00f1ana a Oaxaca, para realizar una gira de trabajo de tres d\u00edas, en las regiones Costa, Valles Centrales y Sierra Ju\u00e1rez.<\/p>\n\n\n\n<p>Iniciar\u00e1 ma\u00f1ana en Pinotepa Nacional, a las 16:00 horas; el mandatario viene procedente del estado de Guerrero. El s\u00e1bado estar\u00e1 a las 14:00 horas en San Vicente Coatl\u00e1n y el domingo a las 11:00 horas en Llano Crucero, Santo Domingo Tepuxtepec.<\/p>\n\n\n\n<p>Coatl\u00e1n es uno de los municipios que se ha opuesto desde hace varios a\u00f1os al trazo y las obras de la supercarretera Oaxaca-Costa, en parte del tramo Barranca Larga-Ventanilla.<\/p>\n\n\n\n<p>Este jueves, por segunda ocasi\u00f3n, el mandatario Alejandro Murat Hinojosa visit\u00f3 esa localidad del distrito de Ejutla, en la regi\u00f3n Valles Centrales, para dialogar y responder a diversas demandas,<\/p>\n\n\n\n<p>La primera ocasi\u00f3n en que acudi\u00f3 fue el pasado 2 de junio, acompa\u00f1ado del subsecretario de Comunicaciones, Jorge Nu\u00f1o, para dialogar con el edil y el Cabildo de San Vicente.<\/p>\n\n\n\n<figure class=\"wp-block-embed-twitter wp-block-embed is-type-rich is-provider-twitter\"><div class=\"wp-block-embed__wrapper\">\n<div class=\"twitter-tweet\"><blockquote class=\"twitter-tweet\" data-lang=\"es\"><p lang=\"es\" dir=\"ltr\">Esta tarde, durante el recorrido de supervisi\u00f3n en la carretera Oaxaca &#8211; Puerto Escondido, en compa\u00f1\u00eda del Subsrio. <a href=\"https:\/\/twitter.com\/jorgenunol?ref_src=twsrc%5Etfw\">@jorgenunol<\/a>, de la <a href=\"https:\/\/twitter.com\/SCT_mx?ref_src=twsrc%5Etfw\">@SCT_mx<\/a>, nos reunimos con el Presidente Municipal y el cabildo de San Vicente Coatl\u00e1n. <a href=\"https:\/\/t.co\/ZGbfgGzLMH\">pic.twitter.com\/ZGbfgGzLMH<\/a><\/p>&mdash; Alejandro Murat (@alejandromurat) <a href=\"https:\/\/twitter.com\/alejandromurat\/status\/1400277421367169024?ref_src=twsrc%5Etfw\">3 de junio de 2021<\/a><\/blockquote><\/div>\n<\/div><\/figure>\n\n\n\n<p>SEGUNDA VISITA<\/p>\n\n\n\n<p>Este d\u00eda, con diversos funcionarios, entre ellos el representante de la Procuradur\u00eda Agraria en Oaxaca, Gonzalo Villalobos L\u00f3pez, sostuvieron una reuni\u00f3n de trabajo con autoridades municipales, comunales y habitantes de San Vicente Coatl\u00e1n.<\/p>\n\n\n\n<p>\u201cDurante este encuentro realizado con el firme compromiso de construir acuerdos encaminados a mantener la paz entre las comunidades de la Sierra Sur, las autoridades municipales y comunales de San Vicente Coatl\u00e1n, hicieron entrega al Gobernador del Estado y a los funcionarios del Gobierno Federal sus peticiones, que van encaminadas al desarrollo de las y los habitantes\u201d, difundi\u00f3 el gobierno en un comunicado.<\/p>\n\n\n\n<p>Murat Hinojosa destac\u00f3 que, el proyecto de la autopista que se est\u00e1 ejecutando y que conectar\u00e1 a San Vicente Coatl\u00e1n, tiene como finalidad acercar a la ciudad y a la costa en un mejor tiempo de traslado, lo que se traduce en la posibilidad de tener rutas comerciales con la capital y la costa, para detonar el desarrollo de sus habitantes.<\/p>\n\n\n\n<p>\u201cLa autopista Barranca Larga &#8211; Ventanilla es una realidad, es el proyecto que conectar\u00e1 a las comunidades y para San Vicente Coatl\u00e1n es una gran oportunidad para detonar su econom\u00eda, demostrar su grandeza con sus textiles, productos agr\u00edcolas y tener la oportunidad de acercar los servicios\u201d, se\u00f1al\u00f3.<\/p>\n\n\n\n<p>\u201cCabe destacar que Murat Hinojosa es el primer gobernador en visitar San Vicente Coatl\u00e1n y sostener una reuni\u00f3n de trabajo con autoridades municipales, comunales y habitantes\u201d, destac\u00f3 en el bolet\u00edn.<\/p>\n","protected":false},"excerpt":{"rendered":"<p>Redacci\u00f3n\/Zona Roja. Oaxaca de Ju\u00e1rez, Oax., 10 de junio de 2021.- El Presidente de M\u00e9xico,&hellip;<\/p>\n","protected":false},"author":2,"featured_media":28403,"comment_status":"closed","ping_status":"open","sticky":false,"template":"","format":"standard","meta":{"_lmt_disableupdate":"","_lmt_disable":"","_jetpack_memberships_contains_paid_content":false,"footnotes":""},"categories":[109,46],"tags":[173],"class_list":["post-28402","post","type-post","status-publish","format-standard","has-post-thumbnail","hentry","category-minuto-a-minuto","category-zona-blanca","tag-alejandro-murat-hinojosa"],"jetpack_featured_media_url":"https:\/\/zonaroja.com.mx\/wp-content\/uploads\/2021\/06\/Alejandro-Murat-Coatlan.jpeg","jetpack_sharing_enabled":true,"_links":{"self":[{"href":"https:\/\/zonaroja.com.mx\/index.php?rest_route=\/wp\/v2\/posts\/28402","targetHints":{"allow":["GET"]}}],"collection":[{"href":"https:\/\/zonaroja.com.mx\/index.php?rest_route=\/wp\/v2\/posts"}],"about":[{"href":"https:\/\/zonaroja.com.mx\/index.php?rest_route=\/wp\/v2\/types\/post"}],"author":[{"embeddable":true,"href":"https:\/\/zonaroja.com.mx\/index.php?rest_route=\/wp\/v2\/users\/2"}],"replies":[{"embeddable":true,"href":"https:\/\/zonaroja.com.mx\/index.php?rest_route=%2Fwp%2Fv2%2Fcomments&post=28402"}],"version-history":[{"count":1,"href":"https:\/\/zonaroja.com.mx\/index.php?rest_route=\/wp\/v2\/posts\/28402\/revisions"}],"predecessor-version":[{"id":28404,"href":"https:\/\/zonaroja.com.mx\/index.php?rest_route=\/wp\/v2\/posts\/28402\/revisions\/28404"}],"wp:featuredmedia":[{"embeddable":true,"href":"https:\/\/zonaroja.com.mx\/index.php?rest_route=\/wp\/v2\/media\/28403"}],"wp:attachment":[{"href":"https:\/\/zonaroja.com.mx\/index.php?rest_route=%2Fwp%2Fv2%2Fmedia&parent=28402"}],"wp:term":[{"taxonomy":"category","embeddable":true,"href":"https:\/\/zonaroja.com.mx\/index.php?rest_route=%2Fwp%2Fv2%2Fcategories&post=28402"},{"taxonomy":"post_tag","embeddable":true,"href":"https:\/\/zonaroja.com.mx\/index.php?rest_route=%2Fwp%2Fv2%2Ftags&post=28402"}],"curies":[{"name":"wp","href":"https:\/\/api.w.org\/{rel}","templated":true}]}}