{"id":28405,"date":"2021-06-10T22:08:24","date_gmt":"2021-06-11T03:08:24","guid":{"rendered":"http:\/\/www.zonaroja.com.mx\/?p=28405"},"modified":"2021-06-10T22:08:27","modified_gmt":"2021-06-11T03:08:27","slug":"deja-el-jueves-en-oaxaca-32-contagiados-de-covid-y-cinco-fallecimientos","status":"publish","type":"post","link":"https:\/\/zonaroja.com.mx\/?p=28405","title":{"rendered":"Deja el jueves en Oaxaca 32 contagiados de Covid y cinco fallecimientos"},"content":{"rendered":"\n<p>Redacci\u00f3n\/Zona Roja.<\/p>\n\n\n\n<p>Oaxaca de Ju\u00e1rez, Oax. 10 de junio de 2021.- Al corte de este jueves 10 de junio, los Servicios de Salud de Oaxaca (SSO), han registrado 32 casos nuevos de Covid-19 y cinco decesos, que suman 47 mil 604 casos acumulados y tres mil 798 defunciones, hay 206 casos activos de la enfermedad.<\/p>\n\n\n\n<p>En un comunicado, la instituci\u00f3n inform\u00f3 que en la entidad se han notificado 80 mil 430 casos, de los cuales 28 mil 65 han sido negativos, hay cuatro mil 761 casos sospechosos y 43 mil 600 se han recuperado.<\/p>\n\n\n\n<p>En relaci\u00f3n a la Jurisdicci\u00f3n Sanitaria uno de Valles Centrales, hay 32 mil 224 casos confirmados y mil 901 defunciones, Istmo cuatro mil 209 casos confirmados y 682 defunciones, Tuxtepec dos mil 944 casos confirmados y 355 defunciones, Costa dos mil 480 casos confirmados y 275 defunciones, Mixteca cuatro mil 23 casos confirmados y 365 defunciones y Sierra mil 724 casos confirmados y 220 defunciones.<\/p>\n\n\n\n<figure class=\"wp-block-embed-twitter wp-block-embed is-type-rich is-provider-twitter\"><div class=\"wp-block-embed__wrapper\">\n<div class=\"twitter-tweet\"><blockquote class=\"twitter-tweet\" data-lang=\"es\"><p lang=\"es\" dir=\"ltr\"><a href=\"https:\/\/twitter.com\/hashtag\/%C3%9AltimoMinuto?src=hash&amp;ref_src=twsrc%5Etfw\">#\u00daltimoMinuto<\/a><br>En <a href=\"https:\/\/twitter.com\/hashtag\/Oaxaca?src=hash&amp;ref_src=twsrc%5Etfw\">#Oaxaca<\/a>, los Servicios de Salud reportaron este jueves cinco defunciones por Covid-19, con lo que suman tres mil 798 decesos.<br>As\u00ed tambi\u00e9n, 32 nuevos casos positivos, que dan un total de 47 mil 604 casos confirmados.<a href=\"https:\/\/twitter.com\/hashtag\/Qu%C3%A9dateEnCasa?src=hash&amp;ref_src=twsrc%5Etfw\">#Qu\u00e9dateEnCasa<\/a> <a href=\"https:\/\/t.co\/HlNBfuo2WV\">pic.twitter.com\/HlNBfuo2WV<\/a><\/p>&mdash; Zona Roja Oaxaca (@Zona_Roja_Oax) <a href=\"https:\/\/twitter.com\/Zona_Roja_Oax\/status\/1403168434322657284?ref_src=twsrc%5Etfw\">11 de junio de 2021<\/a><\/blockquote><\/div>\n<\/div><\/figure>\n\n\n\n<p>Los 32 casos nuevos registrados este d\u00eda afectan a 13 municipios, siendo el de Salina Cruz el que ocupa el primer lugar con siete casos, seguido de Oaxaca de Ju\u00e1rez con seis, Santiago Pinotepa Nacional cinco, Juchit\u00e1n de Zaragoza y Santa Luc\u00eda del Camino tres cada uno, el resto dos y un caso.<\/p>\n\n\n\n<p>En relaci\u00f3n a la ocupaci\u00f3n hospitalaria, esta fue del 16.1% de manera global, de las cuales la Jurisdicci\u00f3n Sanitaria uno de Valles Centrales, registra 35 camas con un 16%, Istmo 18 camas con un 18%, Tuxtepec 9 camas con un 25.7%, Costa 7 camas con 19.4%, Mixteca 1 cama con 3% y la Sierra 0%.<\/p>\n","protected":false},"excerpt":{"rendered":"<p>Redacci\u00f3n\/Zona Roja. Oaxaca de Ju\u00e1rez, Oax. 10 de junio de 2021.- Al corte de este&hellip;<\/p>\n","protected":false},"author":2,"featured_media":28406,"comment_status":"closed","ping_status":"open","sticky":false,"template":"","format":"standard","meta":{"_lmt_disableupdate":"","_lmt_disable":"","_jetpack_memberships_contains_paid_content":false,"footnotes":""},"categories":[109,47],"tags":[1512],"class_list":["post-28405","post","type-post","status-publish","format-standard","has-post-thumbnail","hentry","category-minuto-a-minuto","category-zona-gris","tag-coronavirus-oaxaca"],"jetpack_featured_media_url":"https:\/\/zonaroja.com.mx\/wp-content\/uploads\/2021\/06\/SSO-1-2.jpeg","jetpack_sharing_enabled":true,"_links":{"self":[{"href":"https:\/\/zonaroja.com.mx\/index.php?rest_route=\/wp\/v2\/posts\/28405","targetHints":{"allow":["GET"]}}],"collection":[{"href":"https:\/\/zonaroja.com.mx\/index.php?rest_route=\/wp\/v2\/posts"}],"about":[{"href":"https:\/\/zonaroja.com.mx\/index.php?rest_route=\/wp\/v2\/types\/post"}],"author":[{"embeddable":true,"href":"https:\/\/zonaroja.com.mx\/index.php?rest_route=\/wp\/v2\/users\/2"}],"replies":[{"embeddable":true,"href":"https:\/\/zonaroja.com.mx\/index.php?rest_route=%2Fwp%2Fv2%2Fcomments&post=28405"}],"version-history":[{"count":1,"href":"https:\/\/zonaroja.com.mx\/index.php?rest_route=\/wp\/v2\/posts\/28405\/revisions"}],"predecessor-version":[{"id":28407,"href":"https:\/\/zonaroja.com.mx\/index.php?rest_route=\/wp\/v2\/posts\/28405\/revisions\/28407"}],"wp:featuredmedia":[{"embeddable":true,"href":"https:\/\/zonaroja.com.mx\/index.php?rest_route=\/wp\/v2\/media\/28406"}],"wp:attachment":[{"href":"https:\/\/zonaroja.com.mx\/index.php?rest_route=%2Fwp%2Fv2%2Fmedia&parent=28405"}],"wp:term":[{"taxonomy":"category","embeddable":true,"href":"https:\/\/zonaroja.com.mx\/index.php?rest_route=%2Fwp%2Fv2%2Fcategories&post=28405"},{"taxonomy":"post_tag","embeddable":true,"href":"https:\/\/zonaroja.com.mx\/index.php?rest_route=%2Fwp%2Fv2%2Ftags&post=28405"}],"curies":[{"name":"wp","href":"https:\/\/api.w.org\/{rel}","templated":true}]}}