{"id":2841,"date":"2019-08-05T19:31:36","date_gmt":"2019-08-06T00:31:36","guid":{"rendered":"http:\/\/www.zonaroja.com.mx\/?p=2841"},"modified":"2019-08-05T19:33:09","modified_gmt":"2019-08-06T00:33:09","slug":"emite-cidh-medida-cautelar-para-oaxaqueno-victima-de-trata-en-tamaulipas","status":"publish","type":"post","link":"https:\/\/zonaroja.com.mx\/?p=2841","title":{"rendered":"Emite CIDH medida cautelar para oaxaque\u00f1o v\u00edctima de trata en Tamaulipas"},"content":{"rendered":"\n<p>Redacci\u00f3n\/Zona\nRoja. <\/p>\n\n\n\n<p>Oaxaca de\nJu\u00e1rez, Oax., 5 de agosto de 2019.- La Comisi\u00f3n Interamericana de Derechos\nHumanos (CIDH) emiti\u00f3 una medida cautelar a un ind\u00edgena oaxaque\u00f1o por ser\nv\u00edctima de trata de personas.<\/p>\n\n\n\n<p>Lo anterior,\na una semana de que el gobierno de Oaxaca, instal\u00f3 la Comisi\u00f3n Intersecretarial\nPara Prevenir, Combatir y Sancionar los Delitos en Materia de Trata de\nPersonas, inform\u00f3 el familiar del afectado, asesorado por el Centro de Derechos\nHumanos y Asesor\u00eda a Pueblos Ind\u00edgenas (Cedhapi).<\/p>\n\n\n\n<p>El 3 de agosto del 2019, la CIDH con sede en Washington D.C, emiti\u00f3 dicha medida cautelar para proteger la vida y la integridad f\u00edsica del ind\u00edgena mixteco Nabor Antonio Santiago Santiago, originario de Santa Cruz Nundaco, Tlaxiaco, Oaxaca, quien es v\u00edctima de trata de personas y que fue desaparecido el 3 de mayo del 2019, en Matamoros Tamaulipas.<\/p>\n\n\n\n<p>Con esa\nmedida, el organismo internacional solicit\u00f3 al Estado mexicano que adopte las\nmedidas necesarias para determinar el paradero o destino del se\u00f1or Nabor\nAntonio Santiago Santiago, con el fin de proteger sus derechos a la vida e\nintegridad personal.<\/p>\n\n\n\n<p>Que concierte\nlas medidas a adoptarse con los representantes del beneficiario y que informe\nsobre las acciones tendentes a investigar los hechos que dieron lugar&nbsp; la adopci\u00f3n de la presente medida cautelar y\nas\u00ed evitar su repetici\u00f3n.<\/p>\n\n\n\n<p>De acuerdo\ncon Jos\u00e9 Santiago Le\u00f3n, padre de la v\u00edctima, el 2 de mayo del 2019 el joven\nNabor Antonio Santiago Santiago fue deportado por la polic\u00eda migratoria de\nEstados Unidos a M\u00e9xico y entregado al Instituto Nacional de Migraci\u00f3n de M\u00e9xico\ncomo mexicano repatriado.<\/p>\n\n\n\n<p>Por lo cual\nestuvo durante un d\u00eda en la casa del migrante \u201cJuan Diego\u201d A.C. de Matamoros\nTamaulipas. Aproximadamente a las cinco de la tarde el joven se comunic\u00f3 con su\nmadre para pedirle que le enviara dinero para que comprara su boleto de autob\u00fas\ny as\u00ed regresar a su comunidad de origen Santa Cruz Nundaco, Tlaxiaco, Oaxaca.<\/p>\n\n\n\n<p>El 15 de mayo,\nNabor se comunic\u00f3 de nuevo con su madre pidi\u00e9ndole dinero ya que se encontraba\ndetenido y solicitaban una cantidad&nbsp; de\ndinero para poder ser liberado. <\/p>\n\n\n\n<p>Por lo que ella\nrealiz\u00f3 el dep\u00f3sito inmediatamente. <\/p>\n\n\n\n<p>En\nreiteradas ocasiones el joven Nabor Antonio Santiago Santiago le habl\u00f3 a su\nmadre solicit\u00e1ndole dinero para que lo liberaran, por lo que el d\u00eda 28 de junio\nde 2019 fue la \u00faltima vez que se comunic\u00f3 con ella. <\/p>\n\n\n\n<p>En\nreiteradas ocasiones le dec\u00eda que lo ten\u00edan amenazado dici\u00e9ndole \u201cmam\u00e1 por\nfavor m\u00e1ndame ese dinero, ya con ese haber si me liberan\u201d por lo que su madre\nle preguntaba en d\u00f3nde estaba; \u00e9l respond\u00eda: \u201cmira mam\u00e1 a m\u00ed me duermen, me\ntapan la cara y me suben a una Vann, me llevan a otro lugar para trabajar\u201d,\nescuch\u00e1ndose su voz entrecortada.<\/p>\n\n\n\n<p>Estos hechos\nfueron denunciados el d\u00eda 13 de junio del pasado ante la Fiscal\u00eda General de\nJusticia del estado de Oaxaca, mismo que dio lugar a la Carpeta de\nInvestigaci\u00f3n 20104\/FDAI\/UECS\/2019.<\/p>\n\n\n\n<p>El Centro de\nDerechos Humanos y Asesor\u00eda a Pueblos Ind\u00edgenas A.C. a su vez se pronunci\u00f3 porque\nla Comisi\u00f3n Interinstitucional Para Prevenir, Combatir y Sancionar los Delitos\nen Materia de Trata de Personas, asuma su responsabilidad para prevenir,\nerradicar y castigar la trata de personas de muchos oaxaque\u00f1os y oaxaque\u00f1as en\notros estados del pa\u00eds y de migrantes que sufren trata de personas en este\nEstado.<\/p>\n\n\n\n<p>Que el\nGobierno Mexicano acate la medida cautelar otorgada por la Comisi\u00f3n\nInteramericana de Derechos Humanos de forma inmediata y que investigue el\nparadero de Nabor Antonio Santiago Santiago.<\/p>\n","protected":false},"excerpt":{"rendered":"<p>Redacci\u00f3n\/Zona Roja. Oaxaca de Ju\u00e1rez, Oax., 5 de agosto de 2019.- La Comisi\u00f3n Interamericana de&hellip;<\/p>\n","protected":false},"author":2,"featured_media":2842,"comment_status":"closed","ping_status":"open","sticky":false,"template":"","format":"standard","meta":{"_lmt_disableupdate":"","_lmt_disable":"","_jetpack_memberships_contains_paid_content":false,"footnotes":""},"categories":[109,51],"tags":[484,483],"class_list":["post-2841","post","type-post","status-publish","format-standard","has-post-thumbnail","hentry","category-minuto-a-minuto","category-zona-roja","tag-nabor-antonio-santiago","tag-oaxaqueno-desaparecido-en-tamaulipas"],"jetpack_featured_media_url":"https:\/\/zonaroja.com.mx\/wp-content\/uploads\/2019\/08\/cidh_personal.jpg","jetpack_sharing_enabled":true,"_links":{"self":[{"href":"https:\/\/zonaroja.com.mx\/index.php?rest_route=\/wp\/v2\/posts\/2841","targetHints":{"allow":["GET"]}}],"collection":[{"href":"https:\/\/zonaroja.com.mx\/index.php?rest_route=\/wp\/v2\/posts"}],"about":[{"href":"https:\/\/zonaroja.com.mx\/index.php?rest_route=\/wp\/v2\/types\/post"}],"author":[{"embeddable":true,"href":"https:\/\/zonaroja.com.mx\/index.php?rest_route=\/wp\/v2\/users\/2"}],"replies":[{"embeddable":true,"href":"https:\/\/zonaroja.com.mx\/index.php?rest_route=%2Fwp%2Fv2%2Fcomments&post=2841"}],"version-history":[{"count":2,"href":"https:\/\/zonaroja.com.mx\/index.php?rest_route=\/wp\/v2\/posts\/2841\/revisions"}],"predecessor-version":[{"id":2844,"href":"https:\/\/zonaroja.com.mx\/index.php?rest_route=\/wp\/v2\/posts\/2841\/revisions\/2844"}],"wp:featuredmedia":[{"embeddable":true,"href":"https:\/\/zonaroja.com.mx\/index.php?rest_route=\/wp\/v2\/media\/2842"}],"wp:attachment":[{"href":"https:\/\/zonaroja.com.mx\/index.php?rest_route=%2Fwp%2Fv2%2Fmedia&parent=2841"}],"wp:term":[{"taxonomy":"category","embeddable":true,"href":"https:\/\/zonaroja.com.mx\/index.php?rest_route=%2Fwp%2Fv2%2Fcategories&post=2841"},{"taxonomy":"post_tag","embeddable":true,"href":"https:\/\/zonaroja.com.mx\/index.php?rest_route=%2Fwp%2Fv2%2Ftags&post=2841"}],"curies":[{"name":"wp","href":"https:\/\/api.w.org\/{rel}","templated":true}]}}