{"id":28419,"date":"2021-06-11T10:39:58","date_gmt":"2021-06-11T15:39:58","guid":{"rendered":"http:\/\/www.zonaroja.com.mx\/?p=28419"},"modified":"2021-06-11T10:40:01","modified_gmt":"2021-06-11T15:40:01","slug":"resuena-participacion-de-mujeres-del-viento-florido-en-disco-de-mon-laferte","status":"publish","type":"post","link":"https:\/\/zonaroja.com.mx\/?p=28419","title":{"rendered":"Resuena participaci\u00f3n de \u201cMujeres del Viento Florido\u201d en disco de Mon Laferte"},"content":{"rendered":"\n<p>Evlin Arag\u00f3n\/Zona Roja.<\/p>\n\n\n\n<p>Oaxaca de Ju\u00e1rez, Oax., 11 de junio de 2021.- \u201cYo recuerdo ese d\u00eda como uno de los m\u00e1s felices de mi vida\u201d, asegura la cantante chilena Mon Laferte, al referirse a su visita a Santa Mar\u00eda Tlahuiltoltepec, Oaxaca, y su colaboraci\u00f3n con la Banda Femenil Regional \u201cMujeres del Viento Florido\u201d.<\/p>\n\n\n\n<p>Lo anterior como parte de su m\u00e1s reciente producci\u00f3n titulada \u201cSeis\u201d y donde se hace acompa\u00f1ar de la banda mixe en el tema \u201cSe va la vida\u201d, en el cual sobresalen y hacen vibrar los acordes de las mujeres oaxaque\u00f1as.&nbsp;<\/p>\n\n\n\n<p>Apenas este jueves por la noche, la reconocida cantante estren\u00f3 en sus plataformas digitales un micro documental en el que relata parte del viaje que emprendi\u00f3, en octubre del 2020, de la Ciudad de M\u00e9xico a la Sierra Mixe.&nbsp;<\/p>\n\n\n\n<p>Y es que pese a la pandemia, decidi\u00f3 grabar un disco; ello cuidando cada detalle en el aspecto art\u00edstico y de manera in\u00e9dita en el sanitario para no poner en riesgo a ninguna de las personas que colaboraron, incluidas las mujeres que forman parte de la banda tradicional.&nbsp;<\/p>\n\n\n\n<p>\u201cFue un viaje de m\u00e1s de diez horas, creo, desde la Ciudad de M\u00e9xico. A m\u00ed me hac\u00eda mucha ilusi\u00f3n, estaba muy emocionada de conocerlas, de escuchar el arreglo que se escribi\u00f3 para esta canci\u00f3n, escucharlo de ellas en vivo y en directo\u201d, relata la cantante en el material audiovisual.&nbsp;<\/p>\n\n\n\n<p>Para la artista chilena fue tanta la emoci\u00f3n de escuchar el arreglo, bajo la direcci\u00f3n de Leticia Gallardo Mart\u00ednez, que la llev\u00f3 incluso al borde de las l\u00e1grimas y le cost\u00f3 d\u00edas procesar la felicidad. \u201cFui muy feliz. Yo recuerdo esa visita como uno de los d\u00edas m\u00e1s felices de mi vida\u201d.<\/p>\n\n\n\n<figure class=\"wp-block-embed-twitter wp-block-embed is-type-rich is-provider-twitter\"><div class=\"wp-block-embed__wrapper\">\n<div class=\"twitter-tweet\"><blockquote class=\"twitter-tweet\" data-lang=\"es\"><p lang=\"es\" dir=\"ltr\"><a href=\"https:\/\/twitter.com\/hashtag\/HechoEnOaxaca?src=hash&amp;ref_src=twsrc%5Etfw\">#HechoEnOaxaca<\/a><br>\u00a1Estreno! Ayer se dio a conocer a nivel mundial \u201cSe va la vida\u201d, de <a href=\"https:\/\/twitter.com\/monlaferte?ref_src=twsrc%5Etfw\">@monlaferte<\/a>, que grab\u00f3 con <a href=\"https:\/\/twitter.com\/VientoFlorido?ref_src=twsrc%5Etfw\">@VientoFlorido<\/a> en Santa Mar\u00eda <a href=\"https:\/\/twitter.com\/hashtag\/Tlahuitoltepec?src=hash&amp;ref_src=twsrc%5Etfw\">#Tlahuitoltepec<\/a> Mixe, <a href=\"https:\/\/twitter.com\/hashtag\/Oaxaca?src=hash&amp;ref_src=twsrc%5Etfw\">#Oaxaca<\/a>. <br><br>Aqu\u00ed el documental:<br>\ud83d\udc47<a href=\"https:\/\/t.co\/olyvqAevYh\">https:\/\/t.co\/olyvqAevYh<\/a><br>\ud83d\udc4f\ud83d\udc4f\ud83d\udc4f\ud83d\udc4f\ud83d\udc4f <a href=\"https:\/\/t.co\/2dCPbOmz13\">pic.twitter.com\/2dCPbOmz13<\/a><\/p>&mdash; Zona Roja Oaxaca (@Zona_Roja_Oax) <a href=\"https:\/\/twitter.com\/Zona_Roja_Oax\/status\/1403372080507281410?ref_src=twsrc%5Etfw\">11 de junio de 2021<\/a><\/blockquote><\/div>\n<\/div><\/figure>\n\n\n\n<p>Mientras que las integrantes de la banda femenil mixe aseguraron que en un principio no creyeron que se tratar\u00e1 de algo real, sin embargo, despu\u00e9s confirmaron que era un proyecto serio en el cual gustosas aceptaron participar.<\/p>\n\n\n\n<p>La propia directora de la banda explic\u00f3 que no ha sido f\u00e1cil tejer una red de mujeres que hagan m\u00fasica, pero lo han conseguido, incluso con la seguridad de que el proyecto puede continuar muchos a\u00f1os m\u00e1s, aun cuando ella ya no est\u00e9 al frente.&nbsp;<\/p>\n\n\n\n<p>\u201cViento florido ha sido y es un espacio donde nos sentimos seguras de hacer m\u00fasica y disfrutarla\u201d, refiri\u00f3.<\/p>\n\n\n\n<p>La Banda Filarm\u00f3nica Regional \u201cMujeres del Viento Florido\u201d, tiene sus inicios en el 2006 y fue integrada en un primer momento por ni\u00f1as y j\u00f3venes de Tlahuitoltepec, sin embargo, tres a\u00f1os despu\u00e9s invitan a comunidades vecinas hablantes de la lengua ind\u00edgena \u201cayuujk\u201d con conocimientos musicales en instrumentos de viento.<\/p>\n\n\n\n<p>Desde ese tiempo a la fecha, han participado en m\u00faltiples eventos musicales en comunidades de todo Oaxaca; as\u00ed tambi\u00e9n en ciudades como Puebla, Morelos y Ciudad de M\u00e9xico entre otras.\u00a0<\/p>\n\n\n\n<p>Aqu\u00ed el documental completo:<\/p>\n\n\n\n<figure class=\"wp-block-embed\"><div class=\"wp-block-embed__wrapper\">\nhttps:\/\/t.co\/olyvqAevYh?amp=1\n<\/div><\/figure>\n","protected":false},"excerpt":{"rendered":"<p>Evlin Arag\u00f3n\/Zona Roja. Oaxaca de Ju\u00e1rez, Oax., 11 de junio de 2021.- \u201cYo recuerdo ese&hellip;<\/p>\n","protected":false},"author":2,"featured_media":28420,"comment_status":"closed","ping_status":"open","sticky":false,"template":"","format":"standard","meta":{"_lmt_disableupdate":"","_lmt_disable":"","_jetpack_memberships_contains_paid_content":false,"footnotes":""},"categories":[109,46],"tags":[2194],"class_list":["post-28419","post","type-post","status-publish","format-standard","has-post-thumbnail","hentry","category-minuto-a-minuto","category-zona-blanca","tag-mon-laferte"],"jetpack_featured_media_url":"https:\/\/zonaroja.com.mx\/wp-content\/uploads\/2021\/06\/Banda-del-Viento-Florido-y-Mon-Laferte.jpg","jetpack_sharing_enabled":true,"_links":{"self":[{"href":"https:\/\/zonaroja.com.mx\/index.php?rest_route=\/wp\/v2\/posts\/28419","targetHints":{"allow":["GET"]}}],"collection":[{"href":"https:\/\/zonaroja.com.mx\/index.php?rest_route=\/wp\/v2\/posts"}],"about":[{"href":"https:\/\/zonaroja.com.mx\/index.php?rest_route=\/wp\/v2\/types\/post"}],"author":[{"embeddable":true,"href":"https:\/\/zonaroja.com.mx\/index.php?rest_route=\/wp\/v2\/users\/2"}],"replies":[{"embeddable":true,"href":"https:\/\/zonaroja.com.mx\/index.php?rest_route=%2Fwp%2Fv2%2Fcomments&post=28419"}],"version-history":[{"count":1,"href":"https:\/\/zonaroja.com.mx\/index.php?rest_route=\/wp\/v2\/posts\/28419\/revisions"}],"predecessor-version":[{"id":28421,"href":"https:\/\/zonaroja.com.mx\/index.php?rest_route=\/wp\/v2\/posts\/28419\/revisions\/28421"}],"wp:featuredmedia":[{"embeddable":true,"href":"https:\/\/zonaroja.com.mx\/index.php?rest_route=\/wp\/v2\/media\/28420"}],"wp:attachment":[{"href":"https:\/\/zonaroja.com.mx\/index.php?rest_route=%2Fwp%2Fv2%2Fmedia&parent=28419"}],"wp:term":[{"taxonomy":"category","embeddable":true,"href":"https:\/\/zonaroja.com.mx\/index.php?rest_route=%2Fwp%2Fv2%2Fcategories&post=28419"},{"taxonomy":"post_tag","embeddable":true,"href":"https:\/\/zonaroja.com.mx\/index.php?rest_route=%2Fwp%2Fv2%2Ftags&post=28419"}],"curies":[{"name":"wp","href":"https:\/\/api.w.org\/{rel}","templated":true}]}}