{"id":28429,"date":"2021-06-11T14:52:14","date_gmt":"2021-06-11T19:52:14","guid":{"rendered":"http:\/\/www.zonaroja.com.mx\/?p=28429"},"modified":"2021-06-11T14:52:17","modified_gmt":"2021-06-11T19:52:17","slug":"propone-diputada-endurecer-penas-contra-quienes-cometan-desaparicion-de-personas","status":"publish","type":"post","link":"https:\/\/zonaroja.com.mx\/?p=28429","title":{"rendered":"Propone diputada endurecer penas contra quienes cometan desaparici\u00f3n de personas"},"content":{"rendered":"\n<p>Redacci\u00f3n\/Zona Roja.<\/p>\n\n\n\n<p>Oaxaca de Ju\u00e1rez, Oax., 11 de junio de 2021.- Con el prop\u00f3sito de inhibir este delito y que se procure una mejor justicia para las v\u00edctimas, la diputada local Magaly L\u00f3pez Dom\u00ednguez propuso una iniciativa para incrementar las penas a particulares y servidores p\u00fablicos que cometan delito de desaparici\u00f3n forzada de personas.<\/p>\n\n\n\n<p>Para ello, de acuerdo con una iniciativa que present\u00f3 el pasado mi\u00e9rcoles en la sesi\u00f3n de la Diputaci\u00f3n Permanente de la 64 Legislatura, se adicionan los art\u00edculos 348 bis f y 348 bis g del C\u00f3digo Penal para el Estado libre y Soberano de Oaxaca.<\/p>\n\n\n\n<p>Seg\u00fan el cap\u00edtulo IV y el art\u00edculo 348 Bis D del C\u00f3digo Penal, comete el delito de desaparici\u00f3n forzada de personas, el servidor p\u00fablico que por s\u00ed o a trav\u00e9s de otros realice, consienta, autorice o apoye la privaci\u00f3n de la libertad de una o m\u00e1s personas y propicie o mantenga su ocultamiento bajo cualquier forma, se niegue a reconocer dicha privaci\u00f3n de la libertad o se niegue a informar sobre el paradero de la persona.<\/p>\n\n\n\n<p>Asimismo, al servidor p\u00fablico o el particular que, con la autorizaci\u00f3n, el apoyo o la aquiescencia de un servidor p\u00fablico, oculte o se niegue a proporcionar informaci\u00f3n sobre la privaci\u00f3n de la libertad de una persona o sobre el paradero de una persona detenida, u oculte a una persona detenida en cualquier forma.<\/p>\n\n\n\n<p>Por lo que al servidor p\u00fablico y al particular que cometa el delito de desaparici\u00f3n forzada de personas, se le impondr\u00e1 una pena de prisi\u00f3n de 40 a 60 a\u00f1os de prisi\u00f3n, y multa de 300 a 600 veces el valor de la Unidad de Medida y Actualizaci\u00f3n.<\/p>\n\n\n\n<p>Adicionalmente, cuando el responsable tenga el car\u00e1cter de servidor p\u00fablico, se le inhabilitar\u00e1 para el desempe\u00f1o de cualquier cargo o empleos p\u00fablicos, hasta dos veces el mismo lapso de la privaci\u00f3n de la libertad impuesta, a partir de que se cumpla con la pena de prisi\u00f3n.<\/p>\n\n\n\n<p>Por otra parte, la pena de prisi\u00f3n podr\u00e1 ser disminuida hasta en una tercera parte en beneficio de aquel que hubiere participado en la comisi\u00f3n del delito, cuando administre informaci\u00f3n que permita esclarecer los hechos.<\/p>\n\n\n\n<p>Y hasta en una mitad, cuando contribuya a lograr la aparici\u00f3n con vida de la v\u00edctima. El Estado y los municipios ser\u00e1n solidariamente responsables del pago de los da\u00f1os y perjuicios causados por sus servidores p\u00fablicos.<\/p>\n\n\n\n<p>Adem\u00e1s, se le impondr\u00e1 prisi\u00f3n de cinco a 25 a\u00f1os y multa de 100 a 400 veces el Valor de la Unidad de Medida y Actualizaci\u00f3n, a quien sin haber participado directamente en la comisi\u00f3n del delito de desaparici\u00f3n forzada de personas, retenga o mantenga oculto a la ni\u00f1a o ni\u00f1o que nazca durante el periodo de desaparici\u00f3n de la madre, a sabiendas de tal circunstancia.<\/p>\n\n\n\n<p>En tanto que la modificaci\u00f3n al apartado 348 Bis F, quedar\u00eda as\u00ed: Incurre en el delito de desaparici\u00f3n cometida por particulares quien prive de la libertad a una persona con la finalidad de ocultar a la v\u00edctima o su suerte o paradero.<\/p>\n\n\n\n<p>A quien cometa este delito se le impondr\u00e1 pena de 25 a 50 a\u00f1os de prisi\u00f3n y de cuatro mil a ocho mil d\u00edas multa.<\/p>\n\n\n\n<p>Mientras que el 348 Bis G: Los delitos de Desaparici\u00f3n Forzada de Personas y de Desaparici\u00f3n cometida por Particulares ser\u00e1n perseguidos de oficio y tienen el car\u00e1cter de permanentes o continuos, en tanto la suerte y el paradero de la Persona Desaparecida no se hayan determinado o sus restos no hayan sido localizados y plenamente identificados.<\/p>\n\n\n\n<p>Mientras que el 348 Bis G ser\u00eda marrana: Los delitos de Desaparici\u00f3n Forzada de Personas y de Desaparici\u00f3n cometida por Particulares ser\u00e1n perseguidos de oficio y tienen el car\u00e1cter de permanentes o continuos, en tanto la suerte y el paradero de la persona desaparecida no se hayan determinado o sus restos no hayan sido localizados y plenamente identificados.<\/p>\n\n\n\n<p>La iniciativa fue turnada a las comisiones correspondientes, para su respectivo an\u00e1lisis y en su caso elaboraci\u00f3n de dictamen.<\/p>\n","protected":false},"excerpt":{"rendered":"<p>Redacci\u00f3n\/Zona Roja. Oaxaca de Ju\u00e1rez, Oax., 11 de junio de 2021.- Con el prop\u00f3sito de&hellip;<\/p>\n","protected":false},"author":2,"featured_media":26341,"comment_status":"closed","ping_status":"open","sticky":false,"template":"","format":"standard","meta":{"_lmt_disableupdate":"","_lmt_disable":"","_jetpack_memberships_contains_paid_content":false,"footnotes":""},"categories":[109,46],"tags":[192],"class_list":["post-28429","post","type-post","status-publish","format-standard","has-post-thumbnail","hentry","category-minuto-a-minuto","category-zona-blanca","tag-diputada-magaly-lopez-dominguez"],"jetpack_featured_media_url":"https:\/\/zonaroja.com.mx\/wp-content\/uploads\/2021\/04\/Magaly-Lopez-1.jpg","jetpack_sharing_enabled":true,"_links":{"self":[{"href":"https:\/\/zonaroja.com.mx\/index.php?rest_route=\/wp\/v2\/posts\/28429","targetHints":{"allow":["GET"]}}],"collection":[{"href":"https:\/\/zonaroja.com.mx\/index.php?rest_route=\/wp\/v2\/posts"}],"about":[{"href":"https:\/\/zonaroja.com.mx\/index.php?rest_route=\/wp\/v2\/types\/post"}],"author":[{"embeddable":true,"href":"https:\/\/zonaroja.com.mx\/index.php?rest_route=\/wp\/v2\/users\/2"}],"replies":[{"embeddable":true,"href":"https:\/\/zonaroja.com.mx\/index.php?rest_route=%2Fwp%2Fv2%2Fcomments&post=28429"}],"version-history":[{"count":1,"href":"https:\/\/zonaroja.com.mx\/index.php?rest_route=\/wp\/v2\/posts\/28429\/revisions"}],"predecessor-version":[{"id":28430,"href":"https:\/\/zonaroja.com.mx\/index.php?rest_route=\/wp\/v2\/posts\/28429\/revisions\/28430"}],"wp:featuredmedia":[{"embeddable":true,"href":"https:\/\/zonaroja.com.mx\/index.php?rest_route=\/wp\/v2\/media\/26341"}],"wp:attachment":[{"href":"https:\/\/zonaroja.com.mx\/index.php?rest_route=%2Fwp%2Fv2%2Fmedia&parent=28429"}],"wp:term":[{"taxonomy":"category","embeddable":true,"href":"https:\/\/zonaroja.com.mx\/index.php?rest_route=%2Fwp%2Fv2%2Fcategories&post=28429"},{"taxonomy":"post_tag","embeddable":true,"href":"https:\/\/zonaroja.com.mx\/index.php?rest_route=%2Fwp%2Fv2%2Ftags&post=28429"}],"curies":[{"name":"wp","href":"https:\/\/api.w.org\/{rel}","templated":true}]}}