{"id":28431,"date":"2021-06-11T15:24:47","date_gmt":"2021-06-11T20:24:47","guid":{"rendered":"http:\/\/www.zonaroja.com.mx\/?p=28431"},"modified":"2021-06-11T15:24:51","modified_gmt":"2021-06-11T20:24:51","slug":"obispo-exige-justicia-por-los-cinco-asesinatos-de-los-defensores-del-rio-verde","status":"publish","type":"post","link":"https:\/\/zonaroja.com.mx\/?p=28431","title":{"rendered":"Obispo exige justicia por los cinco asesinatos de los defensores del r\u00edo \u00abVerde\u00bb"},"content":{"rendered":"\n<p>Redacci\u00f3n\/Zona Roja.<\/p>\n\n\n\n<p>Oaxaca de Ju\u00e1rez, Oax., 11 de junio de 2021.- En la homil\u00eda de ayer en Paso de la Reina, Santiago Jamiltepec, el obispo Florencio Armando Col\u00edn Cruz, acompa\u00f1ado por los sacerdotes de la Di\u00f3cesis de Puerto Escondido, ofreci\u00f3 su apoyo y solidaridad a la comunidad y exigi\u00f3 justicia por los cinco asesinatos de los defensores del r\u00edo \u201cVerde\u201d.<\/p>\n\n\n\n<p>\u201cLos defensores y defensoras comunitarios son elementos fundamentales en la consolidaci\u00f3n de la resistencia frente a proyectos hidroel\u00e9ctricos\u201d, expres\u00f3 el prelado.<\/p>\n\n\n\n<p>Lament\u00f3 que las autoridades estatales y federales \u201cno han atendido diligentemente estos sucesos\u201d, con el pretexto de que eran tiempos electorales.<\/p>\n\n\n\n<p>Ahora, reiter\u00f3 el obispo Col\u00edn Cruz, \u201cesperamos que se atienda de manera primordial la situaci\u00f3n de esta regi\u00f3n que se ha visto afectada por la violencia aqu\u00ed en Paso de la Reina\u201d.<\/p>\n\n\n\n<p>Cabe recordar que ya son 140 d\u00edas desde el crimen cometido contra el defensor del territorio y autoridad agraria del Ejido Paso de la Reina, Fidel Heras Cruz, asesinado el 23 de enero de 2021.<\/p>\n\n\n\n<p>A este crimen sucedieron los de Raymundo Robles Ria\u00f1o, No\u00e9 Robles Cruz y Gerardo Mendoza Reyes, el 15 de marzo, y el asesinato de Jaime Jim\u00e9nez Ruiz, el 28 de marzo.<\/p>\n\n\n\n<p>La falta de justicia ante un problema tan grave como es la violencia contra defensores del territorio en Oaxaca es una muestra de la impunidad que impera en este estado, expuso Servicios para una Educaci\u00f3n Alternativa (Educa).<\/p>\n\n\n\n<p>(Comunicado)<\/p>\n","protected":false},"excerpt":{"rendered":"<p>Redacci\u00f3n\/Zona Roja. Oaxaca de Ju\u00e1rez, Oax., 11 de junio de 2021.- En la homil\u00eda de&hellip;<\/p>\n","protected":false},"author":2,"featured_media":28432,"comment_status":"closed","ping_status":"open","sticky":false,"template":"","format":"standard","meta":{"_lmt_disableupdate":"","_lmt_disable":"","_jetpack_memberships_contains_paid_content":false,"footnotes":""},"categories":[109,47],"tags":[2397],"class_list":["post-28431","post","type-post","status-publish","format-standard","has-post-thumbnail","hentry","category-minuto-a-minuto","category-zona-gris","tag-paso-de-la-reyna-jamiltepec"],"jetpack_featured_media_url":"https:\/\/zonaroja.com.mx\/wp-content\/uploads\/2021\/06\/Iglesia-Jamiltepec-Paso-de-la-Reyna.jpg","jetpack_sharing_enabled":true,"_links":{"self":[{"href":"https:\/\/zonaroja.com.mx\/index.php?rest_route=\/wp\/v2\/posts\/28431","targetHints":{"allow":["GET"]}}],"collection":[{"href":"https:\/\/zonaroja.com.mx\/index.php?rest_route=\/wp\/v2\/posts"}],"about":[{"href":"https:\/\/zonaroja.com.mx\/index.php?rest_route=\/wp\/v2\/types\/post"}],"author":[{"embeddable":true,"href":"https:\/\/zonaroja.com.mx\/index.php?rest_route=\/wp\/v2\/users\/2"}],"replies":[{"embeddable":true,"href":"https:\/\/zonaroja.com.mx\/index.php?rest_route=%2Fwp%2Fv2%2Fcomments&post=28431"}],"version-history":[{"count":1,"href":"https:\/\/zonaroja.com.mx\/index.php?rest_route=\/wp\/v2\/posts\/28431\/revisions"}],"predecessor-version":[{"id":28433,"href":"https:\/\/zonaroja.com.mx\/index.php?rest_route=\/wp\/v2\/posts\/28431\/revisions\/28433"}],"wp:featuredmedia":[{"embeddable":true,"href":"https:\/\/zonaroja.com.mx\/index.php?rest_route=\/wp\/v2\/media\/28432"}],"wp:attachment":[{"href":"https:\/\/zonaroja.com.mx\/index.php?rest_route=%2Fwp%2Fv2%2Fmedia&parent=28431"}],"wp:term":[{"taxonomy":"category","embeddable":true,"href":"https:\/\/zonaroja.com.mx\/index.php?rest_route=%2Fwp%2Fv2%2Fcategories&post=28431"},{"taxonomy":"post_tag","embeddable":true,"href":"https:\/\/zonaroja.com.mx\/index.php?rest_route=%2Fwp%2Fv2%2Ftags&post=28431"}],"curies":[{"name":"wp","href":"https:\/\/api.w.org\/{rel}","templated":true}]}}