{"id":28434,"date":"2021-06-11T16:43:06","date_gmt":"2021-06-11T21:43:06","guid":{"rendered":"http:\/\/www.zonaroja.com.mx\/?p=28434"},"modified":"2021-06-11T16:43:09","modified_gmt":"2021-06-11T21:43:09","slug":"ine-concluye-conteo-de-votos-morena-y-aliados-tendran-186-diputados","status":"publish","type":"post","link":"https:\/\/zonaroja.com.mx\/?p=28434","title":{"rendered":"INE concluye conteo de votos; Morena y aliados tendr\u00e1n 186 diputados"},"content":{"rendered":"\n<p>Redacci\u00f3n\/Zona Roja.<\/p>\n\n\n\n<p>Oaxaca de Ju\u00e1rez, Oax., 11 de junio de 2021.- El Instituto Nacional Electoral (INE) termin\u00f3 de realizar el c\u00f3mputo de 163 mil 166 actas de la elecci\u00f3n federal, para renovar la C\u00e1mara de Diputados federal.<\/p>\n\n\n\n<p>Con este conteo se tienen los resultados definitivos de la elecci\u00f3n para legisladores.<\/p>\n\n\n\n<p>La alianza de Morena, PT, PVEM tendr\u00e1 121 diputados; Morena, 64; el PVEM, 1; la uni\u00f3n del PAN, PRI, PRD, 63; el PAN, 33; el PRI, 11; MC, 7.<\/p>\n\n\n\n<p>Estos son s\u00f3lo los 300 diputados de mayor\u00eda relativa, ahora falta que el INE asigne los 200 legisladores de representaci\u00f3n proporcional, que son por la v\u00eda de cociente natural y resto mayor.<\/p>\n\n\n\n<p>Mientras, el Partido Encuentro Solidario (PES) perdi\u00f3 nuevamente su registro por no alcanzar 3% de la votaci\u00f3n nacional como lo pide la ley electoral. Obtuvo 2.7% de los sufragios.<\/p>\n\n\n\n<p>Tambi\u00e9n Fuerza por M\u00e9xico, del l\u00edder sindical Pedro Haces, y Redes Sociales Progresistas, encabezado por Fernando Gonz\u00e1lez -yerno de Elba Esther Gordillo-, dejar\u00e1n de tener registro como partidos pol\u00edticos nacionales al alcanzar 2.4% y 1.7%, respectivamente.<\/p>\n\n\n\n<p>Tras los c\u00f3mputos distritales, los partidos pol\u00edticos podr\u00e1n presentar impugnaciones contra aquellas elecciones en las que consideren que hubo irregularidades ante el Tribunal Electoral del Poder Judicial de la Federaci\u00f3n (TEPJF).<\/p>\n\n\n\n<p>Una vez resueltas las impugnaciones, el INE deber\u00e1 asignar las diputaciones por representaci\u00f3n proporcional, para lo cual tiene un plazo que acaba el 23 de agosto.<\/p>\n\n\n\n<p>(con informaci\u00f3n de Forbes M\u00e9xico)<\/p>\n","protected":false},"excerpt":{"rendered":"<p>Redacci\u00f3n\/Zona Roja. Oaxaca de Ju\u00e1rez, Oax., 11 de junio de 2021.- El Instituto Nacional Electoral&hellip;<\/p>\n","protected":false},"author":2,"featured_media":28435,"comment_status":"closed","ping_status":"open","sticky":false,"template":"","format":"standard","meta":{"_lmt_disableupdate":"","_lmt_disable":"","_jetpack_memberships_contains_paid_content":false,"footnotes":""},"categories":[109,46],"tags":[564],"class_list":["post-28434","post","type-post","status-publish","format-standard","has-post-thumbnail","hentry","category-minuto-a-minuto","category-zona-blanca","tag-instituto-nacional-electoral"],"jetpack_featured_media_url":"https:\/\/zonaroja.com.mx\/wp-content\/uploads\/2021\/06\/Computo-INE-elecciones.jpg","jetpack_sharing_enabled":true,"_links":{"self":[{"href":"https:\/\/zonaroja.com.mx\/index.php?rest_route=\/wp\/v2\/posts\/28434","targetHints":{"allow":["GET"]}}],"collection":[{"href":"https:\/\/zonaroja.com.mx\/index.php?rest_route=\/wp\/v2\/posts"}],"about":[{"href":"https:\/\/zonaroja.com.mx\/index.php?rest_route=\/wp\/v2\/types\/post"}],"author":[{"embeddable":true,"href":"https:\/\/zonaroja.com.mx\/index.php?rest_route=\/wp\/v2\/users\/2"}],"replies":[{"embeddable":true,"href":"https:\/\/zonaroja.com.mx\/index.php?rest_route=%2Fwp%2Fv2%2Fcomments&post=28434"}],"version-history":[{"count":1,"href":"https:\/\/zonaroja.com.mx\/index.php?rest_route=\/wp\/v2\/posts\/28434\/revisions"}],"predecessor-version":[{"id":28436,"href":"https:\/\/zonaroja.com.mx\/index.php?rest_route=\/wp\/v2\/posts\/28434\/revisions\/28436"}],"wp:featuredmedia":[{"embeddable":true,"href":"https:\/\/zonaroja.com.mx\/index.php?rest_route=\/wp\/v2\/media\/28435"}],"wp:attachment":[{"href":"https:\/\/zonaroja.com.mx\/index.php?rest_route=%2Fwp%2Fv2%2Fmedia&parent=28434"}],"wp:term":[{"taxonomy":"category","embeddable":true,"href":"https:\/\/zonaroja.com.mx\/index.php?rest_route=%2Fwp%2Fv2%2Fcategories&post=28434"},{"taxonomy":"post_tag","embeddable":true,"href":"https:\/\/zonaroja.com.mx\/index.php?rest_route=%2Fwp%2Fv2%2Ftags&post=28434"}],"curies":[{"name":"wp","href":"https:\/\/api.w.org\/{rel}","templated":true}]}}