{"id":28440,"date":"2021-06-11T19:36:19","date_gmt":"2021-06-12T00:36:19","guid":{"rendered":"http:\/\/www.zonaroja.com.mx\/?p=28440"},"modified":"2021-06-11T19:36:21","modified_gmt":"2021-06-12T00:36:21","slug":"actos-violentos-en-jornada-electoral-deben-ser-sancionados-cesar-morales","status":"publish","type":"post","link":"https:\/\/zonaroja.com.mx\/?p=28440","title":{"rendered":"Actos violentos en jornada electoral deben ser sancionados: C\u00e9sar Morales"},"content":{"rendered":"\n<p>Evlin Arag\u00f3n\/Zona Roja.<\/p>\n\n\n\n<p>Oaxaca de Ju\u00e1rez, Oax., 11 de junio de 2021.- El diputado local por Morena, C\u00e9sar Morales Ni\u00f1o, asegur\u00f3 que la pol\u00edtica del \u201cgarrote\u201d ya no es una opci\u00f3n en la entidad oaxaque\u00f1a, de ah\u00ed que destac\u00f3 la amplia participaci\u00f3n ciudadana que se registr\u00f3 el pasado domingo, al momento de emitir el voto.<\/p>\n\n\n\n<p>Resalt\u00f3 asimismo que, pese a ataques y denostaciones, a Francisco Mart\u00ednez Neri finalmente le hayan otorgado su acta de mayor\u00eda por parte del IEEPCO, como pr\u00f3ximo presidente municipal de Oaxaca de Ju\u00e1rez.<\/p>\n\n\n\n<p>Lament\u00f3 que se hayan registrado hechos violentos que pusieron en riesgo a la poblaci\u00f3n, particularmente a la militancia de Morena, todos orquestados por el Partido Revolucionario Institucional \u201cque no termina de erradicar las viejas pr\u00e1cticas por las que es ampliamente conocido\u201d.&nbsp;<\/p>\n\n\n\n<p>\u201cMuy molesto con el Gobierno del Estado y su partido porque vemos que en Oaxaca no se erradican esas viejas pr\u00e1cticas como son la intimidaci\u00f3n, el acarreo y la violencia\u201d, se\u00f1al\u00f3 en entrevista.&nbsp;<\/p>\n\n\n\n<p>Morales Ni\u00f1o asegur\u00f3 que debe existir castigo ejemplar para quienes lucran con la pobreza y politizan la misera de la gente, esto luego de los reportes de bodegas llenas de despensas con las que se pretend\u00eda comprar el voto ciudadano a favor de candidatos del tricolor.&nbsp;&nbsp;<\/p>\n\n\n\n<p>As\u00ed mismo dijo, para quienes ejercieron violencia y pusieron en riesgo a la poblaci\u00f3n en general.\u00a0<\/p>\n\n\n\n<figure class=\"wp-block-embed-twitter wp-block-embed is-type-rich is-provider-twitter\"><div class=\"wp-block-embed__wrapper\">\n<div class=\"twitter-tweet\"><blockquote class=\"twitter-tweet\" data-lang=\"es\"><p lang=\"es\" dir=\"ltr\">El diputado local <a href=\"https:\/\/twitter.com\/cesarmoralesn?ref_src=twsrc%5Etfw\">@cesarmoralesn<\/a> destac\u00f3 el triunfo de <a href=\"https:\/\/twitter.com\/FMartinezNeri?ref_src=twsrc%5Etfw\">@FMartinezNeri<\/a>, tras obtener hoy el documento oficial. Sin embargo, lament\u00f3 que diversos delitos durante la jornada electoral permanezcan impunes, como la agresi\u00f3n de un grupo armado al domicilio de una militante de <a href=\"https:\/\/twitter.com\/hashtag\/Morena?src=hash&amp;ref_src=twsrc%5Etfw\">#Morena<\/a>. <a href=\"https:\/\/t.co\/wevNQYWIOY\">pic.twitter.com\/wevNQYWIOY<\/a><\/p>&mdash; Zona Roja Oaxaca (@Zona_Roja_Oax) <a href=\"https:\/\/twitter.com\/Zona_Roja_Oax\/status\/1403434150879797255?ref_src=twsrc%5Etfw\">11 de junio de 2021<\/a><\/blockquote><\/div>\n<\/div><\/figure>\n\n\n\n<p>Al respecto, record\u00f3 que en la ciudad de Oaxaca un grupo armado allan\u00f3 la vivienda de una militante de Morena, ubicada en inmediaciones de la colonia del Maestro, llev\u00e1ndose equipo de c\u00f3mputo, propiedades personales, celulares, identificaciones; ello adem\u00e1s de golpear y amagar a la gente que se encontraba al interior.&nbsp;<\/p>\n\n\n\n<p>Tambi\u00e9n trataron de inhibir el voto con la presencia de j\u00f3venes armados que merodeaban las casillas, lo anterior, sin \u00e9xito alguno toda vez que la poblaci\u00f3n no tuvo miedo y sali\u00f3 a votar.&nbsp;<\/p>\n\n\n\n<p>\u201cEse tipo de acciones ya no pueden ser permitidas en un estado como Oaxaca en donde vemos que la ciudadan\u00eda ya mostr\u00f3 un amplio rechazo a estas pr\u00e1cticas y a este gobierno que hemos tenido, el cual todav\u00eda quiere ganar las elecciones a base del garrote\u201d, indic\u00f3.&nbsp;<\/p>\n\n\n\n<p>Finalmente, el legislador reiter\u00f3 que, con el ejercicio democr\u00e1tico del pasado domingo, ha quedado claro que la ciudadan\u00eda quiere y merece propuestas contundentes que una vez que se hagan efectivas, mejoren la calidad de vida de toda la poblaci\u00f3n.&nbsp;<\/p>\n","protected":false},"excerpt":{"rendered":"<p>Evlin Arag\u00f3n\/Zona Roja. Oaxaca de Ju\u00e1rez, Oax., 11 de junio de 2021.- El diputado local&hellip;<\/p>\n","protected":false},"author":2,"featured_media":28441,"comment_status":"closed","ping_status":"open","sticky":false,"template":"","format":"standard","meta":{"_lmt_disableupdate":"","_lmt_disable":"","_jetpack_memberships_contains_paid_content":false,"footnotes":""},"categories":[109,46],"tags":[612],"class_list":["post-28440","post","type-post","status-publish","format-standard","has-post-thumbnail","hentry","category-minuto-a-minuto","category-zona-blanca","tag-cesar-morales-nino"],"jetpack_featured_media_url":"https:\/\/zonaroja.com.mx\/wp-content\/uploads\/2021\/06\/Cesar-Morales-Nino.jpg","jetpack_sharing_enabled":true,"_links":{"self":[{"href":"https:\/\/zonaroja.com.mx\/index.php?rest_route=\/wp\/v2\/posts\/28440","targetHints":{"allow":["GET"]}}],"collection":[{"href":"https:\/\/zonaroja.com.mx\/index.php?rest_route=\/wp\/v2\/posts"}],"about":[{"href":"https:\/\/zonaroja.com.mx\/index.php?rest_route=\/wp\/v2\/types\/post"}],"author":[{"embeddable":true,"href":"https:\/\/zonaroja.com.mx\/index.php?rest_route=\/wp\/v2\/users\/2"}],"replies":[{"embeddable":true,"href":"https:\/\/zonaroja.com.mx\/index.php?rest_route=%2Fwp%2Fv2%2Fcomments&post=28440"}],"version-history":[{"count":1,"href":"https:\/\/zonaroja.com.mx\/index.php?rest_route=\/wp\/v2\/posts\/28440\/revisions"}],"predecessor-version":[{"id":28442,"href":"https:\/\/zonaroja.com.mx\/index.php?rest_route=\/wp\/v2\/posts\/28440\/revisions\/28442"}],"wp:featuredmedia":[{"embeddable":true,"href":"https:\/\/zonaroja.com.mx\/index.php?rest_route=\/wp\/v2\/media\/28441"}],"wp:attachment":[{"href":"https:\/\/zonaroja.com.mx\/index.php?rest_route=%2Fwp%2Fv2%2Fmedia&parent=28440"}],"wp:term":[{"taxonomy":"category","embeddable":true,"href":"https:\/\/zonaroja.com.mx\/index.php?rest_route=%2Fwp%2Fv2%2Fcategories&post=28440"},{"taxonomy":"post_tag","embeddable":true,"href":"https:\/\/zonaroja.com.mx\/index.php?rest_route=%2Fwp%2Fv2%2Ftags&post=28440"}],"curies":[{"name":"wp","href":"https:\/\/api.w.org\/{rel}","templated":true}]}}