{"id":28443,"date":"2021-06-11T20:57:56","date_gmt":"2021-06-12T01:57:56","guid":{"rendered":"http:\/\/www.zonaroja.com.mx\/?p=28443"},"modified":"2021-06-11T20:58:00","modified_gmt":"2021-06-12T01:58:00","slug":"amlo-se-declara-oaxaqueno-tengo-mucho-que-agradecer-al-gobernador-dice","status":"publish","type":"post","link":"https:\/\/zonaroja.com.mx\/?p=28443","title":{"rendered":"AMLO se declara oaxaque\u00f1o; \u201ctengo mucho que agradecer al gobernador\u201d, dice"},"content":{"rendered":"\n<p>Redacci\u00f3n\/Zona Roja.<\/p>\n\n\n\n<p>Oaxaca de Ju\u00e1rez, Oax., 11 de junio de 2021.- Desde Pinotepa Nacional, al iniciar su gira de trabajo de tres d\u00edas, el Presidente Andr\u00e9s Manuel L\u00f3pez Obrador se declar\u00f3 oaxaque\u00f1\u00f1o.<\/p>\n\n\n\n<p>\u201cAgradeciendo mucho a Alejandro Murat por su apoyo; ya llevamos tiempo trabajando de com\u00fan acuerdo. No hemos tenido problemas con el Gobierno del Estado; al contrario, hay muy buena coordinaci\u00f3n, estamos trabajando en beneficio de Oaxaca, en beneficio de M\u00e9xico.<\/p>\n\n\n\n<p>\u201cAlejandro se est\u00e1 portando a la altura de las circunstancias; tengo mucho, mucho, mucho qu\u00e9 agradecerle, porque queremos ayudar al pueblo de Oaxaca y no ser\u00eda lo mismo si tuvi\u00e9semos el obst\u00e1culo de los gobiernos municipales, en el Gobierno del Estado, como lamentablemente se tiene en otras partes.<\/p>\n\n\n\n<p>\u201cAqu\u00ed no, en Oaxaca no, por eso ya soy oaxaque\u00f1o, soy de aqu\u00ed siempre; siempre estoy, no s\u00e9 pero al menos una vez al mes estoy en Oaxaca, estoy muy encari\u00f1ado con este estado\u201d, dijo.<\/p>\n\n\n\n<figure class=\"wp-block-embed-twitter wp-block-embed is-type-rich is-provider-twitter\"><div class=\"wp-block-embed__wrapper\">\n<div class=\"twitter-tweet\"><blockquote class=\"twitter-tweet\" data-lang=\"es\"><p lang=\"es\" dir=\"ltr\"><a href=\"https:\/\/twitter.com\/hashtag\/%C3%9AltimoMinuto?src=hash&amp;ref_src=twsrc%5Etfw\">#\u00daltimoMinuto<\/a><br>4. \u201cHay muy buena coordinaci\u00f3n, estamos trabajando en beneficio de <a href=\"https:\/\/twitter.com\/hashtag\/Oaxaca?src=hash&amp;ref_src=twsrc%5Etfw\">#Oaxaca<\/a>, en beneficio de M\u00e9xico; <a href=\"https:\/\/twitter.com\/alejandromurat?ref_src=twsrc%5Etfw\">@alejandromurat<\/a> se ha portado a la altura de las circunstancias, tengo mucho, mucho que agradecer\u201d, dijo hoy el Presidente L\u00f3pez Obrador en <a href=\"https:\/\/twitter.com\/hashtag\/Pinotepa?src=hash&amp;ref_src=twsrc%5Etfw\">#Pinotepa<\/a> Nacional. <a href=\"https:\/\/t.co\/ZSflteEAuo\">pic.twitter.com\/ZSflteEAuo<\/a><\/p>&mdash; Zona Roja Oaxaca (@Zona_Roja_Oax) <a href=\"https:\/\/twitter.com\/Zona_Roja_Oax\/status\/1403515856320139266?ref_src=twsrc%5Etfw\">12 de junio de 2021<\/a><\/blockquote><\/div>\n<\/div><\/figure>\n\n\n\n<p>En su mensaje, durante el balance de los Programas Bienestar, el mandatario mexicano celebr\u00f3 llegar a esta entidad y dijo que tom\u00f3 la decisi\u00f3n de iniciar las giras de trabajo en Guerrero y Oaxaca.<\/p>\n\n\n\n<p>\u201cTenemos que darle continuidad a toda la pol\u00edtica de desarrollo y bienestar para nuestros pueblos. Celebro que pasadas las elecciones sigamos trabajando juntos; felicito al pueblo de Oaxaca, porque se llevaron a cabo elecciones y no hubo ning\u00fan problema de violencia\u201d, destac\u00f3.<\/p>\n\n\n\n<p>Anunci\u00f3 que se reforzar\u00e1n las acciones para terminar las supercarreteras a la Costa y el Istmo de Tehuantepec, este y el pr\u00f3ximo a\u00f1o.<\/p>\n\n\n\n<figure class=\"wp-block-embed-twitter wp-block-embed is-type-rich is-provider-twitter\"><div class=\"wp-block-embed__wrapper\">\n<div class=\"twitter-tweet\"><blockquote class=\"twitter-tweet\" data-lang=\"es\"><p lang=\"es\" dir=\"ltr\"><a href=\"https:\/\/twitter.com\/hashtag\/%C3%9AltimoMinuto?src=hash&amp;ref_src=twsrc%5Etfw\">#\u00daltimoMinuto<\/a> <br>2. Este es el mensaje del gobernador <a href=\"https:\/\/twitter.com\/alejandromurat?ref_src=twsrc%5Etfw\">@AlejandroMurat<\/a>, al dar la bienvenida al presidente L\u00f3pez Obrador en Pinotepa.<br>Destac\u00f3 los logros en materia econ\u00f3mica y de obras p\u00fablicas, as\u00ed como de la tranquilidad en que se desarrollaron los comicios. <a href=\"https:\/\/t.co\/ytWcbjET43\">pic.twitter.com\/ytWcbjET43<\/a><\/p>&mdash; Zona Roja Oaxaca (@Zona_Roja_Oax) <a href=\"https:\/\/twitter.com\/Zona_Roja_Oax\/status\/1403494472151928835?ref_src=twsrc%5Etfw\">11 de junio de 2021<\/a><\/blockquote><\/div>\n<\/div><\/figure>\n\n\n\n<p>OAXACA CRECE<\/p>\n\n\n\n<p>Por su parte, el gobernador Alejandro Murat asever\u00f3 que, en las ocho regiones de Oaxaca, su gobierno sigue construyendo el futuro desde el presente, y los esfuerzos y acciones han contribuido a disminuir la pobreza en un 4% y la pobreza extrema en un 3.6%.<\/p>\n\n\n\n<p>Adem\u00e1s, agreg\u00f3, se ha logrado disminuir en un 10% el n\u00famero de oaxaque\u00f1as y oaxaque\u00f1os que viven con un ingreso por debajo de la l\u00ednea de bienestar.<\/p>\n\n\n\n<p>Destac\u00f3 que la econom\u00eda de Oaxaca crece a un ritmo del 4.5%, gracias a la inversi\u00f3n en infraestructura, lo que permiti\u00f3 tener el mayor crecimiento econ\u00f3mico del pa\u00eds en el \u00faltimo trimestre de 2020.<\/p>\n\n\n\n<figure class=\"wp-block-embed-twitter wp-block-embed is-type-rich is-provider-twitter\"><div class=\"wp-block-embed__wrapper\">\n<div class=\"twitter-tweet\"><blockquote class=\"twitter-tweet\" data-lang=\"es\"><p lang=\"es\" dir=\"ltr\"><a href=\"https:\/\/twitter.com\/hashtag\/%C3%9AltimoMinuto?src=hash&amp;ref_src=twsrc%5Etfw\">#\u00daltimoMinuto<\/a> <br>3. En su mensaje el Presidente de M\u00e9xico, Andr\u00e9s Manuel L\u00f3pez Obrador, destac\u00f3 la tranquilidad en que se realizaron las elecciones en el pa\u00eds.<br>As\u00ed mismo dijo que se reforzar\u00e1n y culminar\u00e1n las principales obras en Oaxaca. <a href=\"https:\/\/t.co\/f8Eum6YybE\">pic.twitter.com\/f8Eum6YybE<\/a><\/p>&mdash; Zona Roja Oaxaca (@Zona_Roja_Oax) <a href=\"https:\/\/twitter.com\/Zona_Roja_Oax\/status\/1403498661712121858?ref_src=twsrc%5Etfw\">11 de junio de 2021<\/a><\/blockquote><\/div>\n<\/div><\/figure>\n\n\n\n<p>De igual manera, Murat Hinojosa expres\u00f3 que gracias a la coordinaci\u00f3n que se ha logrado en el sector salud, la reactivaci\u00f3n tur\u00edstica va en ruta, \u201cse han recuperado todas las l\u00edneas a\u00e9reas y los vuelos de Oaxaca, lo cual hoy solamente nos tiene 10% debajo del momento m\u00e1s alto de la historia del turismo en Oaxaca que fue el 2019\u201d, dijo.<\/p>\n\n\n\n<p>Este s\u00e1bado ambos mandatarios contin\u00faan la gira de trabajo por San Vicente Coatl\u00e1n, en la regi\u00f3n de Valles Centrales, y el domingo por Santo Domingo Tepuxtepec, en la regi\u00f3n Sierra Norte.<\/p>\n","protected":false},"excerpt":{"rendered":"<p>Redacci\u00f3n\/Zona Roja. Oaxaca de Ju\u00e1rez, Oax., 11 de junio de 2021.- Desde Pinotepa Nacional, al&hellip;<\/p>\n","protected":false},"author":2,"featured_media":28444,"comment_status":"closed","ping_status":"open","sticky":false,"template":"","format":"standard","meta":{"_lmt_disableupdate":"","_lmt_disable":"","_jetpack_memberships_contains_paid_content":false,"footnotes":""},"categories":[109,46],"tags":[143],"class_list":["post-28443","post","type-post","status-publish","format-standard","has-post-thumbnail","hentry","category-minuto-a-minuto","category-zona-blanca","tag-andres-manuel-lopez-obrador"],"jetpack_featured_media_url":"https:\/\/zonaroja.com.mx\/wp-content\/uploads\/2021\/06\/AMH-3.jpeg","jetpack_sharing_enabled":true,"_links":{"self":[{"href":"https:\/\/zonaroja.com.mx\/index.php?rest_route=\/wp\/v2\/posts\/28443","targetHints":{"allow":["GET"]}}],"collection":[{"href":"https:\/\/zonaroja.com.mx\/index.php?rest_route=\/wp\/v2\/posts"}],"about":[{"href":"https:\/\/zonaroja.com.mx\/index.php?rest_route=\/wp\/v2\/types\/post"}],"author":[{"embeddable":true,"href":"https:\/\/zonaroja.com.mx\/index.php?rest_route=\/wp\/v2\/users\/2"}],"replies":[{"embeddable":true,"href":"https:\/\/zonaroja.com.mx\/index.php?rest_route=%2Fwp%2Fv2%2Fcomments&post=28443"}],"version-history":[{"count":1,"href":"https:\/\/zonaroja.com.mx\/index.php?rest_route=\/wp\/v2\/posts\/28443\/revisions"}],"predecessor-version":[{"id":28445,"href":"https:\/\/zonaroja.com.mx\/index.php?rest_route=\/wp\/v2\/posts\/28443\/revisions\/28445"}],"wp:featuredmedia":[{"embeddable":true,"href":"https:\/\/zonaroja.com.mx\/index.php?rest_route=\/wp\/v2\/media\/28444"}],"wp:attachment":[{"href":"https:\/\/zonaroja.com.mx\/index.php?rest_route=%2Fwp%2Fv2%2Fmedia&parent=28443"}],"wp:term":[{"taxonomy":"category","embeddable":true,"href":"https:\/\/zonaroja.com.mx\/index.php?rest_route=%2Fwp%2Fv2%2Fcategories&post=28443"},{"taxonomy":"post_tag","embeddable":true,"href":"https:\/\/zonaroja.com.mx\/index.php?rest_route=%2Fwp%2Fv2%2Ftags&post=28443"}],"curies":[{"name":"wp","href":"https:\/\/api.w.org\/{rel}","templated":true}]}}