{"id":28449,"date":"2021-06-12T07:41:26","date_gmt":"2021-06-12T12:41:26","guid":{"rendered":"http:\/\/www.zonaroja.com.mx\/?p=28449"},"modified":"2021-06-12T07:41:29","modified_gmt":"2021-06-12T12:41:29","slug":"equidad-educativa-un-reto-en-el-pais-eduardo-bautista","status":"publish","type":"post","link":"https:\/\/zonaroja.com.mx\/?p=28449","title":{"rendered":"Equidad educativa, un reto en el pa\u00eds: Eduardo Bautista"},"content":{"rendered":"\n<p>Evlin Arag\u00f3n\/Zona Roja.<\/p>\n\n\n\n<p>Oaxaca de Ju\u00e1rez, Oax., 12 de junio de 2021.- Uno de los principales retos que enfrenta la educaci\u00f3n en nuestro pa\u00eds es la desigualdad extrema en torno a la inversi\u00f3n p\u00fablica, misma que impacta de manera significativa a la entidad, asegur\u00f3 el rector de la Universidad Aut\u00f3noma \u201cBenito Ju\u00e1rez\u201d de Oaxaca, Eduardo Bautista Mart\u00ednez.<\/p>\n\n\n\n<p>Lo anterior en el marco de la presentaci\u00f3n del libro \u201cEquidad educativa en Oaxaca\u201d, de Mar\u00eda Elena Quiroz Lima, editado por la Universidad Pedag\u00f3gica Nacional (UPN).<\/p>\n\n\n\n<p>De acuerdo con la autoridad universitaria, esta carencia de equidad en el sistema educativo se refleja en concentraciones e incluso preferencia en la asignaci\u00f3n del presupuesto, en el que la mayor\u00eda de las veces se queda rezagado el sur de M\u00e9xico, incluido Oaxaca.&nbsp;<\/p>\n\n\n\n<p>\u201cHist\u00f3ricamente se ha beneficiado al centro, norte y occidente del pa\u00eds, en donde tenemos inversiones que de ninguna manera se pueden comparar con las que se aplican en el sureste mexicano, particularmente en estado como Oaxaca\u201d, indic\u00f3.&nbsp;<\/p>\n\n\n\n<p>Lo anterior dijo Bautista Mart\u00ednez, lamentablemente, no se trata de una problem\u00e1tica local, sino de car\u00e1cter nacional e incluso global.<\/p>\n\n\n\n<p>Explic\u00f3 que la equidad educativa no s\u00f3lo es de car\u00e1cter conceptual o terminol\u00f3gico, sino que refiere a uno de los principales de las instituciones ubicadas en el sur del pa\u00eds, que incluso han pronunciado medi\u00e1ticamente con la intenci\u00f3n de ser escuchados por las autoridades federales.\u00a0<\/p>\n\n\n\n<figure class=\"wp-block-embed-twitter wp-block-embed is-type-rich is-provider-twitter\"><div class=\"wp-block-embed__wrapper\">\n<div class=\"twitter-tweet\"><blockquote class=\"twitter-tweet\" data-lang=\"es\"><p lang=\"es\" dir=\"ltr\">El rector de la <a href=\"https:\/\/twitter.com\/UABJO?ref_src=twsrc%5Etfw\">@UABJO<\/a>, <a href=\"https:\/\/twitter.com\/Bautistaeduardo?ref_src=twsrc%5Etfw\">@BautistaEduardo<\/a>, particip\u00f3 ayer en la presentaci\u00f3n virtual del libro \u201cEquidad educativa en <a href=\"https:\/\/twitter.com\/hashtag\/Oaxaca?src=hash&amp;ref_src=twsrc%5Etfw\">#Oaxaca<\/a>\u201d, coordinado por la UPN en la Universidad de Baja California. <br><br>Aqu\u00ed el enlace del programa completo: <br>\ud83d\udc47<a href=\"https:\/\/t.co\/yFs9Zj5saE\">https:\/\/t.co\/yFs9Zj5saE<\/a> <a href=\"https:\/\/t.co\/PMFFb2XTH0\">pic.twitter.com\/PMFFb2XTH0<\/a><\/p>&mdash; Zona Roja Oaxaca (@Zona_Roja_Oax) <a href=\"https:\/\/twitter.com\/Zona_Roja_Oax\/status\/1403462026370981890?ref_src=twsrc%5Etfw\">11 de junio de 2021<\/a><\/blockquote><\/div>\n<\/div><\/figure>\n\n\n\n<p>As\u00ed mismo, el rector de la UABJO indic\u00f3 que la equidad educativa refiere la identificaci\u00f3n de necesidades diferenciadas con la intenci\u00f3n de atenderlas y asegurar el logro de metas comunes en todo el pa\u00eds.&nbsp;&nbsp;<\/p>\n\n\n\n<p>\u201cNo se puede realizar un proyecto equitativo sin considerar la condiciones sociales y humanas de los beneficiarios y los bienes educativos, es decir el funcionamiento de las escuelas, su autonom\u00eda, la formaci\u00f3n de profesores, entre otros aspectos\u201d, dijo.&nbsp;<\/p>\n\n\n\n<p>De ah\u00ed que, asegur\u00f3, hacer realidad la equidad implica un proceso sumamente complejo, sin embargo, necesario para impulsar una educaci\u00f3n sin brechas e inequidades en materia social y acad\u00e9mica que merecen todas y todos los estudiantes.&nbsp;<\/p>\n\n\n\n<p>Finalmente, Bautista Mart\u00ednez, insisti\u00f3 en que, la desigualdad educativa, es un problema global en el que intervienen m\u00faltiples factores y Oaxaca es un referente de ello, por lo que, para lograr la igualdad, es necesario trabajar en un proyecto educativo equitativo, que contemple las condiciones sociales y humanas de la poblaci\u00f3n.&nbsp;<\/p>\n\n\n\n<p>La presentaci\u00f3n virtual fue coordinada por la Universidad de Baja California y participaron diversos ponentes, entre ellos una representante de la UPN.<\/p>\n","protected":false},"excerpt":{"rendered":"<p>Evlin Arag\u00f3n\/Zona Roja. Oaxaca de Ju\u00e1rez, Oax., 12 de junio de 2021.- Uno de los&hellip;<\/p>\n","protected":false},"author":2,"featured_media":28450,"comment_status":"closed","ping_status":"open","sticky":false,"template":"","format":"standard","meta":{"_lmt_disableupdate":"","_lmt_disable":"","_jetpack_memberships_contains_paid_content":false,"footnotes":""},"categories":[109,46],"tags":[360],"class_list":["post-28449","post","type-post","status-publish","format-standard","has-post-thumbnail","hentry","category-minuto-a-minuto","category-zona-blanca","tag-rector-eduardo-bautista-martinez"],"jetpack_featured_media_url":"https:\/\/zonaroja.com.mx\/wp-content\/uploads\/2021\/06\/Rector-Eduardo-Bautista.jpg","jetpack_sharing_enabled":true,"_links":{"self":[{"href":"https:\/\/zonaroja.com.mx\/index.php?rest_route=\/wp\/v2\/posts\/28449","targetHints":{"allow":["GET"]}}],"collection":[{"href":"https:\/\/zonaroja.com.mx\/index.php?rest_route=\/wp\/v2\/posts"}],"about":[{"href":"https:\/\/zonaroja.com.mx\/index.php?rest_route=\/wp\/v2\/types\/post"}],"author":[{"embeddable":true,"href":"https:\/\/zonaroja.com.mx\/index.php?rest_route=\/wp\/v2\/users\/2"}],"replies":[{"embeddable":true,"href":"https:\/\/zonaroja.com.mx\/index.php?rest_route=%2Fwp%2Fv2%2Fcomments&post=28449"}],"version-history":[{"count":1,"href":"https:\/\/zonaroja.com.mx\/index.php?rest_route=\/wp\/v2\/posts\/28449\/revisions"}],"predecessor-version":[{"id":28451,"href":"https:\/\/zonaroja.com.mx\/index.php?rest_route=\/wp\/v2\/posts\/28449\/revisions\/28451"}],"wp:featuredmedia":[{"embeddable":true,"href":"https:\/\/zonaroja.com.mx\/index.php?rest_route=\/wp\/v2\/media\/28450"}],"wp:attachment":[{"href":"https:\/\/zonaroja.com.mx\/index.php?rest_route=%2Fwp%2Fv2%2Fmedia&parent=28449"}],"wp:term":[{"taxonomy":"category","embeddable":true,"href":"https:\/\/zonaroja.com.mx\/index.php?rest_route=%2Fwp%2Fv2%2Fcategories&post=28449"},{"taxonomy":"post_tag","embeddable":true,"href":"https:\/\/zonaroja.com.mx\/index.php?rest_route=%2Fwp%2Fv2%2Ftags&post=28449"}],"curies":[{"name":"wp","href":"https:\/\/api.w.org\/{rel}","templated":true}]}}