{"id":2845,"date":"2019-08-06T08:00:17","date_gmt":"2019-08-06T13:00:17","guid":{"rendered":"http:\/\/www.zonaroja.com.mx\/?p=2845"},"modified":"2019-08-05T20:40:33","modified_gmt":"2019-08-06T01:40:33","slug":"alistan-feria-del-regreso-a-clases-en-la-capital-oaxaquena","status":"publish","type":"post","link":"https:\/\/zonaroja.com.mx\/?p=2845","title":{"rendered":"Alistan Feria del Regreso a Clases en la capital oaxaque\u00f1a"},"content":{"rendered":"\n<p>Redacci\u00f3n\/Zona\nRoja.<\/p>\n\n\n\n<p>Oaxaca de\nJu\u00e1rez, Oax., a 5 de agosto de 2019.- Del 12 al 25 de agosto pr\u00f3ximo se\nrealizar\u00e1 la Feria del Regreso a Clases en la Alameda de Le\u00f3n de la ciudad de\nOaxaca, con el prop\u00f3sito de apoyar la econom\u00eda de la poblaci\u00f3n ante el pr\u00f3ximo\ninicio del ciclo educativo.<\/p>\n\n\n\n<p>La delegada de\nla Procuradur\u00eda Federal del Consumidor (Profeco) en la entidad, Mar\u00eda de\nLourdes Santiago Cruz, expuso que en un solo espacio y a precios competitivo,\nlas familias podr\u00e1n adquirir art\u00edculos escolares necesarios para el ciclo\nescolar 2019-2020.<\/p>\n\n\n\n<p>Indic\u00f3 que\nla actividad se realiza en coordinaci\u00f3n con el ayuntamiento que encabeza\nOswaldo Garc\u00eda Jarqu\u00edn y en ese espacio se podr\u00e1n encontrar una variedad de mochilas,\nuniformes, calzado escolar, boneter\u00eda, material de c\u00f3mputo y m\u00e1s.<\/p>\n\n\n\n<p>Ello con el\ncontacto directo de proveedores de empresas oaxaque\u00f1as formalmente\nestablecidas, que participan ofertando sus mejores precios en art\u00edculos que\ncumplen las Normas Oficiales Mexicanas.<\/p>\n\n\n\n<p>Asimismo,\nlas personas asistentes a la Feria, podr\u00e1n disponer gratuitamente de cortes de\ncabello, talleres de lenguaje de se\u00f1as, rob\u00f3tica, prevenci\u00f3n de la violencia y\ntecnolog\u00edas dom\u00e9sticas.<\/p>\n\n\n\n<p>Cursos de\nbordado, migaj\u00f3n, cer\u00e1mica y pintura textil; pl\u00e1ticas sobre los derechos de\nni\u00f1as, ni\u00f1os y adolescentes; muestras culturales como cuenta cuentos, c\u00edrculos\nde lectura, presentaci\u00f3n de rondalla y grupos folkl\u00f3ricos. <\/p>\n\n\n\n<p>Adem\u00e1s de\nlos organizadores, Profeco y gobierno de Oaxaca de Ju\u00e1rez, participan nueve instituciones\noficiales, entre ellas el Instituto Estatal de Educaci\u00f3n P\u00fablica de Oaxaca, la\nCasa de la Cultura Oaxaque\u00f1a, el Instituto Municipal de la Mujer Oaxaque\u00f1a y el\nInstituto de Capacitaci\u00f3n y Productividad para el Trabajo, entre otros.<\/p>\n\n\n\n<p>Santiago\nCruz invita a la poblaci\u00f3n consumidora a visitar pr\u00f3ximamente la Feria de Regreso\na Clases 2019 y reafirma su compromiso de estar atenta a las quejas que\npudieran surgir durante en el inicio del ciclo escolar.<\/p>\n\n\n\n<p>La Profeco pone\na la disposici\u00f3n los canales de denuncia para reportar cualquier irregularidad\na trav\u00e9s del Tel\u00e9fono del Consumidor 01 800 468 8722, en la ciudad de Oaxaca el\n951 51 3 41 41, y de las redes sociales oficiales en Twitter: @AtencionProfeco\ny en Facebook: ProfecoOficial.<\/p>\n","protected":false},"excerpt":{"rendered":"<p>Redacci\u00f3n\/Zona Roja. Oaxaca de Ju\u00e1rez, Oax., a 5 de agosto de 2019.- Del 12 al&hellip;<\/p>\n","protected":false},"author":2,"featured_media":2846,"comment_status":"closed","ping_status":"open","sticky":false,"template":"","format":"standard","meta":{"_lmt_disableupdate":"","_lmt_disable":"","_jetpack_memberships_contains_paid_content":false,"footnotes":""},"categories":[109,46],"tags":[485],"class_list":["post-2845","post","type-post","status-publish","format-standard","has-post-thumbnail","hentry","category-minuto-a-minuto","category-zona-blanca","tag-feria-del-regreso-a-clases-oaxaca"],"jetpack_featured_media_url":"https:\/\/zonaroja.com.mx\/wp-content\/uploads\/2019\/08\/Feria-del-Regreso-a-clases.jpg","jetpack_sharing_enabled":true,"_links":{"self":[{"href":"https:\/\/zonaroja.com.mx\/index.php?rest_route=\/wp\/v2\/posts\/2845","targetHints":{"allow":["GET"]}}],"collection":[{"href":"https:\/\/zonaroja.com.mx\/index.php?rest_route=\/wp\/v2\/posts"}],"about":[{"href":"https:\/\/zonaroja.com.mx\/index.php?rest_route=\/wp\/v2\/types\/post"}],"author":[{"embeddable":true,"href":"https:\/\/zonaroja.com.mx\/index.php?rest_route=\/wp\/v2\/users\/2"}],"replies":[{"embeddable":true,"href":"https:\/\/zonaroja.com.mx\/index.php?rest_route=%2Fwp%2Fv2%2Fcomments&post=2845"}],"version-history":[{"count":1,"href":"https:\/\/zonaroja.com.mx\/index.php?rest_route=\/wp\/v2\/posts\/2845\/revisions"}],"predecessor-version":[{"id":2847,"href":"https:\/\/zonaroja.com.mx\/index.php?rest_route=\/wp\/v2\/posts\/2845\/revisions\/2847"}],"wp:featuredmedia":[{"embeddable":true,"href":"https:\/\/zonaroja.com.mx\/index.php?rest_route=\/wp\/v2\/media\/2846"}],"wp:attachment":[{"href":"https:\/\/zonaroja.com.mx\/index.php?rest_route=%2Fwp%2Fv2%2Fmedia&parent=2845"}],"wp:term":[{"taxonomy":"category","embeddable":true,"href":"https:\/\/zonaroja.com.mx\/index.php?rest_route=%2Fwp%2Fv2%2Fcategories&post=2845"},{"taxonomy":"post_tag","embeddable":true,"href":"https:\/\/zonaroja.com.mx\/index.php?rest_route=%2Fwp%2Fv2%2Ftags&post=2845"}],"curies":[{"name":"wp","href":"https:\/\/api.w.org\/{rel}","templated":true}]}}