{"id":28456,"date":"2021-06-12T07:54:03","date_gmt":"2021-06-12T12:54:03","guid":{"rendered":"http:\/\/www.zonaroja.com.mx\/?p=28456"},"modified":"2021-06-12T07:54:06","modified_gmt":"2021-06-12T12:54:06","slug":"docentes-de-educacion-basica-continuan-en-capacitacion-impartida-por-el-ieepo","status":"publish","type":"post","link":"https:\/\/zonaroja.com.mx\/?p=28456","title":{"rendered":"Docentes de educaci\u00f3n b\u00e1sica contin\u00faan en capacitaci\u00f3n impartida por el IEEPO"},"content":{"rendered":"\n<p>Redacci\u00f3n\/Zona Roja.<\/p>\n\n\n\n<p>Oaxaca de Ju\u00e1rez, Oax. 12 de junio de 2021.-&nbsp; Personal docente y directivo de educaci\u00f3n b\u00e1sica de las diferentes regiones de la entidad, contin\u00faa capacit\u00e1ndose como parte de la jornada con el tema \u201cSexualidad integral en el espacio educativo: Un camino hacia la prevenci\u00f3n del embarazo en la adolescencia\u201d, que imparte el Instituto Estatal de Educaci\u00f3n P\u00fablica de Oaxaca (IEEPO), en la modalidad a distancia.<\/p>\n\n\n\n<p>Desde un enfoque humanista, de derechos y en el marco de una educaci\u00f3n integral, la actualizaci\u00f3n dirigida a figuras educativas de los niveles de primaria general e ind\u00edgena, secundaria y telesecundaria de escuelas p\u00fablicas del estado con la finalidad de dotarles de herramientas te\u00f3ricas y t\u00e9cnicas aplicables en beneficio del alumnado, forma parte de las acciones para coadyuvar de manera preventiva, en la disminuci\u00f3n de los embarazos adolescentes.<\/p>\n\n\n\n<p>Comprende contenidos de aprendizaje que se dividen en cinco m\u00f3dulos: Conceptos b\u00e1sicos de sexualidad; Holones de la sexualidad; Factores de prevenci\u00f3n de las violencias en el entorno educativo; Habilidades socioemocionales y proyecto de vida en el curr\u00edculo educativo e Intervenciones educativas contextualizadas.<\/p>\n\n\n\n<p>Este viernes, en representaci\u00f3n del director general del IEEPO, Francisco \u00c1ngel Villarreal, el subdirector General de Servicios Educativos, \u00c1lvaro C\u00e9sar Guevara Ram\u00edrez, dio la bienvenida al tercer grupo de maestras y maestros a quienes correspondi\u00f3 la capacitaci\u00f3n y reiter\u00f3 el compromiso del Instituto por continuar generando espacios y acciones que fortalezcan la pr\u00e1ctica docente del magisterio.<\/p>\n\n\n\n<p>\u201cEs un esfuerzo importante para sensibilizarse en el tema y prevenir el embarazo adolescente ya que ante la din\u00e1mica actual es necesario brindar a las futuras generaciones la orientaci\u00f3n adecuada\u201d, indic\u00f3.<\/p>\n\n\n\n<p>En tanto, la directora para la Mejora de la Convivencia Escolar, Bel\u00e9n Morales Bautista, expuso que el curso fue dise\u00f1ado en coordinaci\u00f3n con la Direcci\u00f3n de Evaluaci\u00f3n, a trav\u00e9s de la Unidad de Formaci\u00f3n Continua, se imparte de manera virtual con una acreditaci\u00f3n de 40 horas.<\/p>\n","protected":false},"excerpt":{"rendered":"<p>Redacci\u00f3n\/Zona Roja. Oaxaca de Ju\u00e1rez, Oax. 12 de junio de 2021.-&nbsp; Personal docente y directivo&hellip;<\/p>\n","protected":false},"author":2,"featured_media":28457,"comment_status":"closed","ping_status":"open","sticky":false,"template":"","format":"standard","meta":{"_lmt_disableupdate":"","_lmt_disable":"","_jetpack_memberships_contains_paid_content":false,"footnotes":""},"categories":[109,46],"tags":[599],"class_list":["post-28456","post","type-post","status-publish","format-standard","has-post-thumbnail","hentry","category-minuto-a-minuto","category-zona-blanca","tag-instituto-estatal-de-educacion-publica-de-oaxaca"],"jetpack_featured_media_url":"https:\/\/zonaroja.com.mx\/wp-content\/uploads\/2021\/06\/IEEPO-3.jpg","jetpack_sharing_enabled":true,"_links":{"self":[{"href":"https:\/\/zonaroja.com.mx\/index.php?rest_route=\/wp\/v2\/posts\/28456","targetHints":{"allow":["GET"]}}],"collection":[{"href":"https:\/\/zonaroja.com.mx\/index.php?rest_route=\/wp\/v2\/posts"}],"about":[{"href":"https:\/\/zonaroja.com.mx\/index.php?rest_route=\/wp\/v2\/types\/post"}],"author":[{"embeddable":true,"href":"https:\/\/zonaroja.com.mx\/index.php?rest_route=\/wp\/v2\/users\/2"}],"replies":[{"embeddable":true,"href":"https:\/\/zonaroja.com.mx\/index.php?rest_route=%2Fwp%2Fv2%2Fcomments&post=28456"}],"version-history":[{"count":1,"href":"https:\/\/zonaroja.com.mx\/index.php?rest_route=\/wp\/v2\/posts\/28456\/revisions"}],"predecessor-version":[{"id":28458,"href":"https:\/\/zonaroja.com.mx\/index.php?rest_route=\/wp\/v2\/posts\/28456\/revisions\/28458"}],"wp:featuredmedia":[{"embeddable":true,"href":"https:\/\/zonaroja.com.mx\/index.php?rest_route=\/wp\/v2\/media\/28457"}],"wp:attachment":[{"href":"https:\/\/zonaroja.com.mx\/index.php?rest_route=%2Fwp%2Fv2%2Fmedia&parent=28456"}],"wp:term":[{"taxonomy":"category","embeddable":true,"href":"https:\/\/zonaroja.com.mx\/index.php?rest_route=%2Fwp%2Fv2%2Fcategories&post=28456"},{"taxonomy":"post_tag","embeddable":true,"href":"https:\/\/zonaroja.com.mx\/index.php?rest_route=%2Fwp%2Fv2%2Ftags&post=28456"}],"curies":[{"name":"wp","href":"https:\/\/api.w.org\/{rel}","templated":true}]}}