{"id":28459,"date":"2021-06-12T07:57:29","date_gmt":"2021-06-12T12:57:29","guid":{"rendered":"http:\/\/www.zonaroja.com.mx\/?p=28459"},"modified":"2021-06-12T07:57:31","modified_gmt":"2021-06-12T12:57:31","slug":"analizan-en-el-pje-retos-y-avances-de-la-reforma-constitucional-en-dh","status":"publish","type":"post","link":"https:\/\/zonaroja.com.mx\/?p=28459","title":{"rendered":"Analizan en el PJE retos y avances de la reforma constitucional en DH"},"content":{"rendered":"\n<p>Redacci\u00f3n\/Zona Roja.<\/p>\n\n\n\n<p>Oaxaca de Ju\u00e1rez, Oax., 12 de junio de 2021.- El g\u00e9nero es un factor importante para la toma de decisiones, el cual debe ser usado por las y los juzgadores para garantizar la tutela judicial efectiva, interpretando correctamente las normas y aplicando debidamente el derecho, coincidieron especialistas en el marco del Conversatorio en Derechos Humanos: \u201cReflexiones sobre los Derechos Humanos a 10 a\u00f1os de su vigencia\u201d, organizado por el Poder Judicial del Estado.<\/p>\n\n\n\n<p>Al analizar los avances constitucionales del Estado Mexicano a partir de la Reforma en la materia del 10 de junio de 2011, la jefa de la Unidad de Igualdad de G\u00e9nero del Consejo de la Judicatura del Poder Judicial del Estado, Sheila S\u00e1nchez L\u00f3pez; el juez de distrito Jos\u00e9 Luis Evaristo Cruz Villegas, as\u00ed como el director general de la Asociaci\u00f3n Civil Asistencia Legal por los Derechos Humanos (ASILEGAL), Jos\u00e9 Luis Guti\u00e9rrez Rom\u00e1n, afirmaron que \u00e9sta constituye una nueva forma de concebir el mundo, de establecer valores, calificar conductas y sancionarlas, de relacionarse y de establecer m\u00e9todos de di\u00e1logo.<\/p>\n\n\n\n<p>En la actividad virtual realizada por la Direcci\u00f3n de Derechos Humanos del Consejo de la Judicatura y en la que participaron juezas y jueces, magistradas y magistrados, as\u00ed como personal de las diferentes \u00e1reas de la instituci\u00f3n, los representantes de las diferentes instituciones y organizaciones se\u00f1alaron que se han registrado avances, pero tambi\u00e9n hay retos que alcanzar para valorar la igualdad de las personas, quienes constituyen el fin de esta Reforma Constitucional.<\/p>\n\n\n\n<p>La perspectiva de g\u00e9nero transmite a las y los jueces la preocupaci\u00f3n central de advertir y reconocer a trav\u00e9s de la consciencia cr\u00edtica, aquellas situaciones de poder que pueden aminorar o anular una relaci\u00f3n de igualdad entre diferentes, basados en factores como el sexo, las funciones de g\u00e9nero y temas de orientaci\u00f3n sexual, para evitar desequilibrios, destac\u00f3 el juez de distrito Jos\u00e9 Luis Evaristo Cruz Villegas.<\/p>\n\n\n\n<p>Sheila S\u00e1nchez L\u00f3pez dijo que es necesario replantear el principio de igualdad y no discriminaci\u00f3n de acuerdo a los est\u00e1ndares internacionales en la materia, as\u00ed como crear pol\u00edticas p\u00fablicas siempre con una perspectiva de derechos humanos que persigan la perspectiva de derechos humanos, que incluya la participaci\u00f3n ciudadana de las personas y grupos a quienes van dirigidas, as\u00ed como eliminar al ciudadano modelo a quien van dirigidas dichas iniciativas, para evitar basarlas en prejuicios, estereotipos y estigmas.<\/p>\n\n\n\n<p>Por su parte, Jos\u00e9 Luis Guti\u00e9rrez Rom\u00e1n se\u00f1al\u00f3 que hay retos que cumplir para lograr el reconocimiento de los derechos humanos de ciertos grupos, fortalecer la capacitaci\u00f3n de las y los operadores de los sistemas de justicia sobre la aplicaci\u00f3n de las normas y considerar la importancia de la sociedad civil como aliado para ver materializados los objetivos trazados para garantizar los derechos humanos para todas y todos.<\/p>\n\n\n\n<p>A su vez, el magistrado Luis Enrique Cordero Aguilar, presidente de la Sala de Justicia Ind\u00edgena y Quinta Sala Penal del Tribunal Superior de Justicia del Estado, hizo un llamado a la sensibilizaci\u00f3n de la sociedad para que los derechos humanos asuman una posici\u00f3n congruente y se avance en su efectiva vigencia, principalmente desde la perspectiva pluricultural.<\/p>\n\n\n\n<p>\u201cTenemos la oportunidad de construir derechos fundamentales para generar la paz, la tranquilidad y legitimidad que reclama la sociedad\u201d, dijo, al intervenir a nombre del titular del Poder Judicial del Estado, magistrado Eduardo Pinacho S\u00e1nchez.<\/p>\n\n\n\n<p>El conversatorio completo se puede consultar en las redes sociales de la instituci\u00f3n y en el siguiente enlace: <a href=\"https:\/\/www.facebook.com\/964651783559135\/posts\/4339266712764275\/?d=n\">https:\/\/www.facebook.com\/964651783559135\/posts\/4339266712764275\/?d=n<\/a><\/p>\n","protected":false},"excerpt":{"rendered":"<p>Redacci\u00f3n\/Zona Roja. Oaxaca de Ju\u00e1rez, Oax., 12 de junio de 2021.- El g\u00e9nero es un&hellip;<\/p>\n","protected":false},"author":2,"featured_media":28460,"comment_status":"closed","ping_status":"open","sticky":false,"template":"","format":"standard","meta":{"_lmt_disableupdate":"","_lmt_disable":"","_jetpack_memberships_contains_paid_content":false,"footnotes":""},"categories":[109,46],"tags":[223],"class_list":["post-28459","post","type-post","status-publish","format-standard","has-post-thumbnail","hentry","category-minuto-a-minuto","category-zona-blanca","tag-poder-judicial-de-oaxaca"],"jetpack_featured_media_url":"https:\/\/zonaroja.com.mx\/wp-content\/uploads\/2021\/06\/Poder-Judicial-realizo-conversatorio-virtual.jpg","jetpack_sharing_enabled":true,"_links":{"self":[{"href":"https:\/\/zonaroja.com.mx\/index.php?rest_route=\/wp\/v2\/posts\/28459","targetHints":{"allow":["GET"]}}],"collection":[{"href":"https:\/\/zonaroja.com.mx\/index.php?rest_route=\/wp\/v2\/posts"}],"about":[{"href":"https:\/\/zonaroja.com.mx\/index.php?rest_route=\/wp\/v2\/types\/post"}],"author":[{"embeddable":true,"href":"https:\/\/zonaroja.com.mx\/index.php?rest_route=\/wp\/v2\/users\/2"}],"replies":[{"embeddable":true,"href":"https:\/\/zonaroja.com.mx\/index.php?rest_route=%2Fwp%2Fv2%2Fcomments&post=28459"}],"version-history":[{"count":1,"href":"https:\/\/zonaroja.com.mx\/index.php?rest_route=\/wp\/v2\/posts\/28459\/revisions"}],"predecessor-version":[{"id":28461,"href":"https:\/\/zonaroja.com.mx\/index.php?rest_route=\/wp\/v2\/posts\/28459\/revisions\/28461"}],"wp:featuredmedia":[{"embeddable":true,"href":"https:\/\/zonaroja.com.mx\/index.php?rest_route=\/wp\/v2\/media\/28460"}],"wp:attachment":[{"href":"https:\/\/zonaroja.com.mx\/index.php?rest_route=%2Fwp%2Fv2%2Fmedia&parent=28459"}],"wp:term":[{"taxonomy":"category","embeddable":true,"href":"https:\/\/zonaroja.com.mx\/index.php?rest_route=%2Fwp%2Fv2%2Fcategories&post=28459"},{"taxonomy":"post_tag","embeddable":true,"href":"https:\/\/zonaroja.com.mx\/index.php?rest_route=%2Fwp%2Fv2%2Ftags&post=28459"}],"curies":[{"name":"wp","href":"https:\/\/api.w.org\/{rel}","templated":true}]}}