{"id":28462,"date":"2021-06-12T12:48:18","date_gmt":"2021-06-12T17:48:18","guid":{"rendered":"http:\/\/www.zonaroja.com.mx\/?p=28462"},"modified":"2021-06-12T12:48:21","modified_gmt":"2021-06-12T17:48:21","slug":"valles-centrales-y-mixteca-regiones-con-mayor-numero-de-casos-de-violencia-familiar","status":"publish","type":"post","link":"https:\/\/zonaroja.com.mx\/?p=28462","title":{"rendered":"Valles Centrales y Mixteca, regiones con mayor n\u00famero de casos de violencia familiar"},"content":{"rendered":"\n<p>Redacci\u00f3n\/Zona Roja.<\/p>\n\n\n\n<p>Oaxaca de Ju\u00e1rez, Oax., 12 de junio del 2021.- Consorcio Oaxaca present\u00f3 el an\u00e1lisis de su registro sobre violencia familiar, en la que han documentado 462 casos durante la administraci\u00f3n de Alejandro Murar Hinojosa.<\/p>\n\n\n\n<p>Y\u00e9sica Sanchez Maya, integrante del equipo directivo, explic\u00f3 que el registro que&nbsp; realizan es de las notas que aparecen en&nbsp; medios de comunicaci\u00f3n y algunos casos que se atienden en la unidad jur\u00eddica.<\/p>\n\n\n\n<p>\u201cExisten muchas fuentes, las denuncias, los casos que se atienden por los Servicios de Salud, los casos que llegan al sistema DIF, los casos que atendemos las organizaciones por lo que tener una estad\u00edstica real de la violencia que ocurre en el \u00e1mbito familiar es una deuda hist\u00f3rica por parte del gobierno, incluso con la Alerta de Violencia de G\u00e9nero se pidi\u00f3 hacer un mapeo de los delitos sobre la violencia contra las mujeres para emprender pol\u00edticas p\u00fablicas y \u00bfd\u00f3nde est\u00e1?\u201d, dijo.<\/p>\n\n\n\n<p>Enfatiz\u00f3 que la informaci\u00f3n que la organizaci\u00f3n present\u00f3 es s\u00f3lo una aproximaci\u00f3n a la magnitud de este problema.<\/p>\n\n\n\n<p>Revel\u00f3 que el 47.6% de los casos que tienen registrados, es decir 220, sucedieron en la regi\u00f3n de los Valles Centrales y el 30.5%, correspondientes a 141 casos, en la regi\u00f3n de la Mixteca.<\/p>\n\n\n\n<p>El 21.9% de casos registrados restantes se distribuye en las diferentes regiones del estado, siendo la Sierra Sur, Ca\u00f1ada y Sierra Norte las que han presentado la menor incidencia.<\/p>\n\n\n\n<p>Sobre las v\u00edctimas, expuso que principalmente oscilan entre los 18 y 35 a\u00f1os de edad, este grupo representa el 48% del total de casos, asimismo refiri\u00f3 que la edad m\u00ednima de la v\u00edctima registrada es de cinco a\u00f1os y la m\u00e1xima de 89 a\u00f1os.<\/p>\n\n\n\n<p>En cuanto a qui\u00e9n agrede a las mujeres en el \u00e1mbito familiar, observaron que en el 60% de los casos fue la pareja de la v\u00edctima (esposo, concubino o novio).&nbsp;<\/p>\n\n\n\n<p>Las&nbsp; exparejas representaron el 11% del total de agresores al igual que hijos (con 11% tambi\u00e9n).<\/p>\n\n\n\n<p>Las agresiones por familiares cercanos (t\u00edos, primos, cu\u00f1ados, yernos, sobrinos) tienen un 7% de incidencia, la de los hermanos 3.7% de incidencia, la de agresi\u00f3n por el padre 3% de incidencia y la de la agresi\u00f3n de la madre 2%,&nbsp; inform\u00f3.<\/p>\n\n\n\n<p>Otro de los datos que present\u00f3 es sobre el tipo de agresi\u00f3n m\u00e1s com\u00fan siendo los golpes e insultos,&nbsp; representando el 70% de los casos.<\/p>\n\n\n\n<p>\u201cQueremos alertar sobre la violencia familiar, si bien la representaci\u00f3n estad\u00edstica podr\u00eda ser poca, estamos preocupadas porque un 11% de los agresiones registradas son intentos de feminicidios.<\/p>\n\n\n\n<p>\u201cLo consideramos grave porque sabemos que la violencia va en escalada y cuando se da en el \u00e1mbito familiar se considera que son \u201cproblemas privados\u201d, en nuestra sociedad se normaliza que alg\u00fan integrante de nuestra familia sea qui\u00e9n ejerza la violencia. Entonces, podemos decir que las mujeres que viven violencia en sus hogares son feminicidios latentes\u201d, remarc\u00f3.<\/p>\n\n\n\n<p>S\u00e1nchez Maya responsabiliz\u00f3 al gobierno estatal porque a la fecha de su administraci\u00f3n sigue sin importarle la violencia que viven las mujeres.<\/p>\n\n\n\n<p>Refiri\u00f3 que no hizo caso a las recomendaciones de la Alerta de G\u00e9nero, en la que ten\u00eda que crear refugios de atenci\u00f3n en las regiones,&nbsp; fortalecer las polic\u00edas comunitarias y estatales, entre otras acciones de car\u00e1cter urgente.<\/p>\n\n\n\n<p>\u201cNos est\u00e1n violentando, nos est\u00e1n matando y no vemos acciones que de verdad impacten en la vida de las mujeres, que de verdad garanticen el derecho a una vida libre de violencia\u201d, sentenci\u00f3.<\/p>\n","protected":false},"excerpt":{"rendered":"<p>Redacci\u00f3n\/Zona Roja. Oaxaca de Ju\u00e1rez, Oax., 12 de junio del 2021.- Consorcio Oaxaca present\u00f3 el&hellip;<\/p>\n","protected":false},"author":2,"featured_media":28463,"comment_status":"closed","ping_status":"open","sticky":false,"template":"","format":"standard","meta":{"_lmt_disableupdate":"","_lmt_disable":"","_jetpack_memberships_contains_paid_content":false,"footnotes":""},"categories":[109,47],"tags":[1559],"class_list":["post-28462","post","type-post","status-publish","format-standard","has-post-thumbnail","hentry","category-minuto-a-minuto","category-zona-gris","tag-violencia-mujeres-oaxaca"],"jetpack_featured_media_url":"https:\/\/zonaroja.com.mx\/wp-content\/uploads\/2021\/06\/Violencia-Oaxaca.png","jetpack_sharing_enabled":true,"_links":{"self":[{"href":"https:\/\/zonaroja.com.mx\/index.php?rest_route=\/wp\/v2\/posts\/28462","targetHints":{"allow":["GET"]}}],"collection":[{"href":"https:\/\/zonaroja.com.mx\/index.php?rest_route=\/wp\/v2\/posts"}],"about":[{"href":"https:\/\/zonaroja.com.mx\/index.php?rest_route=\/wp\/v2\/types\/post"}],"author":[{"embeddable":true,"href":"https:\/\/zonaroja.com.mx\/index.php?rest_route=\/wp\/v2\/users\/2"}],"replies":[{"embeddable":true,"href":"https:\/\/zonaroja.com.mx\/index.php?rest_route=%2Fwp%2Fv2%2Fcomments&post=28462"}],"version-history":[{"count":1,"href":"https:\/\/zonaroja.com.mx\/index.php?rest_route=\/wp\/v2\/posts\/28462\/revisions"}],"predecessor-version":[{"id":28464,"href":"https:\/\/zonaroja.com.mx\/index.php?rest_route=\/wp\/v2\/posts\/28462\/revisions\/28464"}],"wp:featuredmedia":[{"embeddable":true,"href":"https:\/\/zonaroja.com.mx\/index.php?rest_route=\/wp\/v2\/media\/28463"}],"wp:attachment":[{"href":"https:\/\/zonaroja.com.mx\/index.php?rest_route=%2Fwp%2Fv2%2Fmedia&parent=28462"}],"wp:term":[{"taxonomy":"category","embeddable":true,"href":"https:\/\/zonaroja.com.mx\/index.php?rest_route=%2Fwp%2Fv2%2Fcategories&post=28462"},{"taxonomy":"post_tag","embeddable":true,"href":"https:\/\/zonaroja.com.mx\/index.php?rest_route=%2Fwp%2Fv2%2Ftags&post=28462"}],"curies":[{"name":"wp","href":"https:\/\/api.w.org\/{rel}","templated":true}]}}