{"id":28474,"date":"2021-06-12T20:28:14","date_gmt":"2021-06-13T01:28:14","guid":{"rendered":"http:\/\/www.zonaroja.com.mx\/?p=28474"},"modified":"2021-06-12T20:28:17","modified_gmt":"2021-06-13T01:28:17","slug":"vinculan-a-proceso-a-policia-que-habria-matado-a-preso-en-carcel-de-santa-lucia-del-camino","status":"publish","type":"post","link":"https:\/\/zonaroja.com.mx\/?p=28474","title":{"rendered":"Vinculan a proceso a polic\u00eda que habr\u00eda matado a preso en c\u00e1rcel de Santa Luc\u00eda del Camino"},"content":{"rendered":"\n<p>Redacci\u00f3n\/Zona Roja.<\/p>\n\n\n\n<p>Oaxaca de Ju\u00e1rez, Oax., 12 de junio de 2021.- Un juez del Poder Judicial de Oaxaca determin\u00f3 vincular a proceso a un individuo que como polic\u00eda municipal, presuntamente particip\u00f3 en el asesinato de una persona recluida en los separos de Santa Luc\u00eda del Camino.<\/p>\n\n\n\n<p>Se trata de Felipe Alejandro M. G., detenido el pasado 5 de junio, a casi cuatro a\u00f1os de los hechos, sucedidos en el gobierno de Ra\u00fal Cruz, quien gobern\u00f3 el municipio bajo las siglas del PRI.<\/p>\n\n\n\n<p>En su momento, fueron detenidos dos elementos de la Agencia Estatal de Investigaciones (AEI), presuntamente vinculados a los hechos; sin embargo, fueron puestos en libertad, sin que la instituci\u00f3n diera m\u00e1s detalles.<\/p>\n\n\n\n<p>En un comunicado, la Fiscal\u00eda inform\u00f3 que obtuvo auto de vinculaci\u00f3n a proceso contra la persona del sexo masculino identificada como F. A. M. G. (polic\u00eda municipal), \u201cquien es probable part\u00edcipe en el delito de homicidio calificado con ventaja, en agravio de quien en vida respondi\u00f3 al nombre de Z. S. M., cometido en agosto de 2017, en jurisdicci\u00f3n de Santa Luc\u00eda del Camino, regi\u00f3n de Valles Centrales.<\/p>\n\n\n\n<p>El probable responsable fue aprehendido por Agentes Estatales de Investigaci\u00f3n el 5 de junio de 2021, inmediatamente despu\u00e9s fue presentado ante la autoridad judicial que lo requiri\u00f3, dando cumplimiento a la orden de aprehensi\u00f3n asentada en su contra.<\/p>\n\n\n\n<p>De acuerdo con la causa penal 493\/2017, el 5 de agosto de 2017, aproximadamente a las 22:56 horas, la v\u00edctima (Zeferino S. M.) fue detenida por elementos de la polic\u00eda municipal de Santa Luc\u00eda del Camino, quienes lo ingresaron a los separos ubicados en prolongaci\u00f3n de avenida del Trabajo.<\/p>\n\n\n\n<p>Posteriormente, el 6 de agosto de 2017, alrededor de las 11:40 horas, arrib\u00f3 el imputado, \u201cquien en compa\u00f1\u00eda de otras personas, sacaron de su celda a la v\u00edctima, agredi\u00e9ndola de manera f\u00edsica hasta ocasionar su muerte\u201d.<\/p>\n\n\n\n<p>Ante este hecho, la Instituci\u00f3n de procuraci\u00f3n de justicia inici\u00f3 la Carpeta de Investigaci\u00f3n 2407\/D.F.\/Z.C.\/2017 -a trav\u00e9s de la Fiscal\u00eda Especializada en Atenci\u00f3n a Delitos de Alto Impacto-, logrando aprehender y presentar al probable agresor ante el Juzgado de Control.<\/p>\n\n\n\n<p>En audiencia, el Juez en turno determin\u00f3 vincular a proceso a F. A. M. G. (Felipe Alejandro), imponiendo la medida cautelar de prisi\u00f3n preventiva y otorgando dos meses para el cierre de investigaci\u00f3n complementaria.<\/p>\n\n\n\n<p>En tanto, de acuerdo con fuentes hemerogr\u00e1ficas, el probable part\u00edcipe del crimen era conocido como \u00abMayoral\u00bb, fue quien realiz\u00f3 la detenci\u00f3n de la v\u00edctima, Zeferino S. por una falta administrativa, pero por la violencia ejercida sobre el lamentablemente falleci\u00f3.<\/p>\n","protected":false},"excerpt":{"rendered":"<p>Redacci\u00f3n\/Zona Roja. Oaxaca de Ju\u00e1rez, Oax., 12 de junio de 2021.- Un juez del Poder&hellip;<\/p>\n","protected":false},"author":2,"featured_media":28475,"comment_status":"closed","ping_status":"open","sticky":false,"template":"","format":"standard","meta":{"_lmt_disableupdate":"","_lmt_disable":"","_jetpack_memberships_contains_paid_content":false,"footnotes":""},"categories":[109,47],"tags":[337],"class_list":["post-28474","post","type-post","status-publish","format-standard","has-post-thumbnail","hentry","category-minuto-a-minuto","category-zona-gris","tag-santa-lucia-del-camino"],"jetpack_featured_media_url":"https:\/\/zonaroja.com.mx\/wp-content\/uploads\/2021\/06\/Policia-detenido-caso-Santa-Lucia.jpg","jetpack_sharing_enabled":true,"_links":{"self":[{"href":"https:\/\/zonaroja.com.mx\/index.php?rest_route=\/wp\/v2\/posts\/28474","targetHints":{"allow":["GET"]}}],"collection":[{"href":"https:\/\/zonaroja.com.mx\/index.php?rest_route=\/wp\/v2\/posts"}],"about":[{"href":"https:\/\/zonaroja.com.mx\/index.php?rest_route=\/wp\/v2\/types\/post"}],"author":[{"embeddable":true,"href":"https:\/\/zonaroja.com.mx\/index.php?rest_route=\/wp\/v2\/users\/2"}],"replies":[{"embeddable":true,"href":"https:\/\/zonaroja.com.mx\/index.php?rest_route=%2Fwp%2Fv2%2Fcomments&post=28474"}],"version-history":[{"count":1,"href":"https:\/\/zonaroja.com.mx\/index.php?rest_route=\/wp\/v2\/posts\/28474\/revisions"}],"predecessor-version":[{"id":28476,"href":"https:\/\/zonaroja.com.mx\/index.php?rest_route=\/wp\/v2\/posts\/28474\/revisions\/28476"}],"wp:featuredmedia":[{"embeddable":true,"href":"https:\/\/zonaroja.com.mx\/index.php?rest_route=\/wp\/v2\/media\/28475"}],"wp:attachment":[{"href":"https:\/\/zonaroja.com.mx\/index.php?rest_route=%2Fwp%2Fv2%2Fmedia&parent=28474"}],"wp:term":[{"taxonomy":"category","embeddable":true,"href":"https:\/\/zonaroja.com.mx\/index.php?rest_route=%2Fwp%2Fv2%2Fcategories&post=28474"},{"taxonomy":"post_tag","embeddable":true,"href":"https:\/\/zonaroja.com.mx\/index.php?rest_route=%2Fwp%2Fv2%2Ftags&post=28474"}],"curies":[{"name":"wp","href":"https:\/\/api.w.org\/{rel}","templated":true}]}}