{"id":28477,"date":"2021-06-12T20:54:25","date_gmt":"2021-06-13T01:54:25","guid":{"rendered":"http:\/\/www.zonaroja.com.mx\/?p=28477"},"modified":"2021-06-12T20:54:30","modified_gmt":"2021-06-13T01:54:30","slug":"en-un-ano-quedaria-concluida-la-supercarretera-oaxaca-costa","status":"publish","type":"post","link":"https:\/\/zonaroja.com.mx\/?p=28477","title":{"rendered":"En un a\u00f1o quedar\u00eda concluida la supercarretera Oaxaca-Costa"},"content":{"rendered":"\n<p>Redacci\u00f3n\/Zona Roja.<\/p>\n\n\n\n<p>Oaxaca de Ju\u00e1rez, Oax., 12 de junio de 2021. El Presidente de M\u00e9xico, Andr\u00e9s Manuel L\u00f3pez Obrador, se comprometi\u00f3 a que a m\u00e1s tardar en julio del pr\u00f3ximo a\u00f1o quedar\u00e1 concluida la supercarretera Oaxaca-Costa,<\/p>\n\n\n\n<p>La obra registra a hoy un avance del 67.23 por ciento, en su tramo Barranca Larga\u2013Ventanilla, mismo que fue recorrido este s\u00e1bado por el mandatario federal y el gobernador Alejandro Murat Hinojosa.<\/p>\n\n\n\n<p>En un encuentro efectuado en San Vicente Coatl\u00e1n, el Ejecutivo federal celebr\u00f3 la realizaci\u00f3n de esta infraestructura, ya que representa un laboratorio a nivel nacional de c\u00f3mo se debe trabajar en materia de obras.<\/p>\n\n\n\n<p>\u201cEste es un ejemplo a seguir de c\u00f3mo debemos iniciar y terminar las obras; aqu\u00ed se est\u00e1 demostrando que se puede avanzar\u201d, dijo.<\/p>\n\n\n\n<p>Asegur\u00f3 que esta autopista significa el entendimiento entre los pueblos, ya que no es hacer solamente una carretera moderna, sino atender a las comunidades, mejorando los accesos a los servicios de salud y educaci\u00f3n. \u201cQueremos una modernidad forjada desde abajo, que beneficie a todos\u201d.<\/p>\n\n\n\n<figure class=\"wp-block-embed-twitter wp-block-embed is-type-rich is-provider-twitter\"><div class=\"wp-block-embed__wrapper\">\n<div class=\"twitter-tweet\"><blockquote class=\"twitter-tweet\" data-lang=\"es\"><p lang=\"es\" dir=\"ltr\"><a href=\"https:\/\/twitter.com\/hashtag\/%C3%9AltimoMinuto?src=hash&amp;ref_src=twsrc%5Etfw\">#\u00daltimoMinuto<\/a> <br>Durante su visita a <a href=\"https:\/\/twitter.com\/hashtag\/Oaxaca?src=hash&amp;ref_src=twsrc%5Etfw\">#Oaxaca<\/a>, el Presidente <a href=\"https:\/\/twitter.com\/lopezobrador_?ref_src=twsrc%5Etfw\">@lopezobrador_<\/a> destac\u00f3 los avances de la construcci\u00f3n de la supercarretera a la Costa, que se impulsa junto con el gobernador <a href=\"https:\/\/twitter.com\/alejandromurat?ref_src=twsrc%5Etfw\">@alejandromurat<\/a>; dijo. El pr\u00f3ximo a\u00f1o se inaugura, anunci\u00f3. <a href=\"https:\/\/t.co\/zSZXcgBCTj\">pic.twitter.com\/zSZXcgBCTj<\/a><\/p>&mdash; Zona Roja Oaxaca (@Zona_Roja_Oax) <a href=\"https:\/\/twitter.com\/Zona_Roja_Oax\/status\/1403855187261988871?ref_src=twsrc%5Etfw\">12 de junio de 2021<\/a><\/blockquote><\/div>\n<\/div><\/figure>\n\n\n\n<p>ANHELO DE OAXAQUE\u00d1OS<\/p>\n\n\n\n<p>En su mensaje, el gobernador Alejandro Murat expres\u00f3 que la autopista que conectar\u00e1 la capital del estado con la Costa, representa el anhelo de las familias oaxaque\u00f1as de participar en el concierto de desarrollo y alcanzar la calidad de vida que muchos estados del pa\u00eds tienen, pero que en Oaxaca no se hab\u00eda podido consolidar.<\/p>\n\n\n\n<p>\u201cLa autopista Oaxaca-Costa y la autopista Oaxaca-Istmo, Presidente, representan la esperanza del presente y del futuro, un presente que hoy representa ya para Oaxaca un crecimiento de 4.5%. Significa m\u00e1s de mil 500 empleos para oaxaque\u00f1as y oaxaque\u00f1os; representa la esperanza para agricultores, paisanas y paisanos m\u00edos de todos los municipios\u201d, refiri\u00f3 el gobernador ante habitantes de la zona.<\/p>\n\n\n\n<figure class=\"wp-block-embed-twitter wp-block-embed is-type-rich is-provider-twitter\"><div class=\"wp-block-embed__wrapper\">\n<div class=\"twitter-tweet\"><blockquote class=\"twitter-tweet\" data-lang=\"es\"><p lang=\"es\" dir=\"ltr\"><a href=\"https:\/\/twitter.com\/hashtag\/%C3%9AltimoMinuto?src=hash&amp;ref_src=twsrc%5Etfw\">#\u00daltimoMinuto<\/a> <br>C) Tras los mensajes de bienvenida en Coatl\u00e1n, el presidente Andr\u00e9s Manuel L\u00f3pez Obrador y el gobernador <a href=\"https:\/\/twitter.com\/alejandromurat?ref_src=twsrc%5Etfw\">@AlejandroMurat<\/a>, conocen los avances de la construcci\u00f3n de la supercarretera Oaxaca-Costa; estar\u00eda concluida en julio del pr\u00f3ximo a\u00f1o. <a href=\"https:\/\/t.co\/gz2kMIWTdx\">pic.twitter.com\/gz2kMIWTdx<\/a><\/p>&mdash; Zona Roja Oaxaca (@Zona_Roja_Oax) <a href=\"https:\/\/twitter.com\/Zona_Roja_Oax\/status\/1403809597761241091?ref_src=twsrc%5Etfw\">12 de junio de 2021<\/a><\/blockquote><\/div>\n<\/div><\/figure>\n\n\n\n<p>LOS AVANCES<\/p>\n\n\n\n<p>El director general de Banobras, Jorge Mendoza S\u00e1nchez, inform\u00f3 a Presidente y al Gobernador del Estado que esta obra genera mil 800 empleos directos y m\u00e1s de tres mil 500 indirectos.<\/p>\n\n\n\n<p>Estar\u00e1 compuesta por 10 puentes y un viaducto, tres t\u00faneles, nueve entronques y dos casetas de cobro. Se espera, dijo, transiten un promedio de m\u00e1s de cuatro mil veh\u00edculos por d\u00eda, reduciendo el tiempo de trayecto entre la capital y la Costa oaxaque\u00f1a de 6.5 a 2.5 horas.<\/p>\n\n\n\n<p>Cabe se\u00f1alar que esta autopista ser\u00e1 una alternativa de movilidad, comercio y prosperidad para 100 mil oaxaque\u00f1as y oaxaque\u00f1os que viven en 11 comunidades para demostrar su grandeza con sus textiles y productos agr\u00edcolas, aparte de tener la oportunidad de acercar los servicios a sus habitantes.<\/p>\n\n\n\n<figure class=\"wp-block-embed-twitter wp-block-embed is-type-rich is-provider-twitter\"><div class=\"wp-block-embed__wrapper\">\n<div class=\"twitter-tweet\"><blockquote class=\"twitter-tweet\" data-lang=\"es\"><p lang=\"es\" dir=\"ltr\"><a href=\"https:\/\/twitter.com\/hashtag\/%C3%9AltimoMinuto?src=hash&amp;ref_src=twsrc%5Etfw\">#\u00daltimoMinuto<\/a> <br>B) El gobernador <a href=\"https:\/\/twitter.com\/alejandromurat?ref_src=twsrc%5Etfw\">@alejandromurat<\/a> dio el mensaje de bienvenida al mandatario mexicano y agradeci\u00f3 el respaldo a los oaxaque\u00f1os para concluir las supercarreteras Oaxaca-Costa y Oaxaca-Istmo. <a href=\"https:\/\/t.co\/Zmc6t39jsD\">pic.twitter.com\/Zmc6t39jsD<\/a><\/p>&mdash; Zona Roja Oaxaca (@Zona_Roja_Oax) <a href=\"https:\/\/twitter.com\/Zona_Roja_Oax\/status\/1403806579942637570?ref_src=twsrc%5Etfw\">12 de junio de 2021<\/a><\/blockquote><\/div>\n<\/div><\/figure>\n\n\n\n<p>COMPROMISO CON COATL\u00c1N<\/p>\n\n\n\n<p>Luego de supervisar las obras, a petici\u00f3n de los pobladores de San Vicente Coatl\u00e1n, el presidente Andr\u00e9s Manuel L\u00f3pez Obrador y el gobernador Alejandro Murat Hinojosa acudieron a la comunidad para convivir y dialogar con autoridades y habitantes, siendo el primer mandatario de M\u00e9xico y del estado que visitan este municipio.<\/p>\n\n\n\n<p>En este lugar, el Jefe del Ejecutivo nacional reiter\u00f3 su compromiso con las y los habitantes de la regi\u00f3n de los Coatlanes para lograr resarcir el tejido social y construir la paz a trav\u00e9s del di\u00e1logo que permita el desarrollo de sus comunidades.<\/p>\n\n\n\n<p>Asimismo, propuso al director general del Instituto Nacional de los Pueblos Ind\u00edgenas (INPI), Adelfo Regino Montes, como represente del Gobierno Federal, para que junto con el gobernador de Oaxaca, Alejandro Murat Hinojosa, conduzcan este proceso y den continuidad a la construcci\u00f3n de una ruta encaminada a la paz y desarrollo de ambas comunidades.<\/p>\n\n\n\n<figure class=\"wp-block-embed-twitter wp-block-embed is-type-rich is-provider-twitter\"><div class=\"wp-block-embed__wrapper\">\n<div class=\"twitter-tweet\"><blockquote class=\"twitter-tweet\" data-lang=\"es\"><p lang=\"es\" dir=\"ltr\"><a href=\"https:\/\/twitter.com\/hashtag\/%C3%9AltimoMinuto?src=hash&amp;ref_src=twsrc%5Etfw\">#\u00daltimoMinuto<\/a> <br>A) Con m\u00e1s de dos horas de retraso, el Presidente <a href=\"https:\/\/twitter.com\/lopezobrador_?ref_src=twsrc%5Etfw\">@lopezobrador_<\/a> preside la supervisi\u00f3n de la supercarretera Oaxaca-Costa, en jurisdicci\u00f3n de San Vicente Coatl\u00e1n. <a href=\"https:\/\/t.co\/93PgHERKB2\">pic.twitter.com\/93PgHERKB2<\/a><\/p>&mdash; Zona Roja Oaxaca (@Zona_Roja_Oax) <a href=\"https:\/\/twitter.com\/Zona_Roja_Oax\/status\/1403804889071902727?ref_src=twsrc%5Etfw\">12 de junio de 2021<\/a><\/blockquote><\/div>\n<\/div><\/figure>\n\n\n\n<p>Adem\u00e1s, se comprometi\u00f3 a seguir visitando a este municipio y a Sola de Vega, hasta que se firme el acuerdo de paz y la justicia entre ambas comunidades.<\/p>\n\n\n\n<p>Por su parte, el gobernador Alejandro Murat Hinojosa se\u00f1al\u00f3 que la presencia del Presidente de M\u00e9xico es motivo de esperanza, porque reitera el compromiso que se hizo con San Vicente Coatl\u00e1n y con Sola de Vega de construir un proceso de pacificaci\u00f3n y hermandad entre oaxaque\u00f1os y oaxaque\u00f1as.<\/p>\n\n\n\n<p>Se\u00f1al\u00f3 tambi\u00e9n que la primera reuni\u00f3n entre los dos municipios, realizada el jueves 10 de junio, es un primer paso para construir y retornar a la hermandad, tranquilidad y pacificaci\u00f3n a esta zona.<\/p>\n\n\n\n<p>Asimismo, agradeci\u00f3 y reconoci\u00f3 al pueblo de San Vicente Coatl\u00e1n y a su comisi\u00f3n que han dialogado para que esta autopista, que significa el desarrollo y el cambio en calidad de vida para todo el estado, pueda seguir su marcha, sin dejar de atenderse sus peticiones.<\/p>\n","protected":false},"excerpt":{"rendered":"<p>Redacci\u00f3n\/Zona Roja. Oaxaca de Ju\u00e1rez, Oax., 12 de junio de 2021. El Presidente de M\u00e9xico,&hellip;<\/p>\n","protected":false},"author":2,"featured_media":28478,"comment_status":"closed","ping_status":"open","sticky":false,"template":"","format":"standard","meta":{"_lmt_disableupdate":"","_lmt_disable":"","_jetpack_memberships_contains_paid_content":false,"footnotes":""},"categories":[109,46],"tags":[1536],"class_list":["post-28477","post","type-post","status-publish","format-standard","has-post-thumbnail","hentry","category-minuto-a-minuto","category-zona-blanca","tag-visita-andres-manuel-lopez-obrador-a-oaxaca"],"jetpack_featured_media_url":"https:\/\/zonaroja.com.mx\/wp-content\/uploads\/2021\/06\/AMH-08.jpeg","jetpack_sharing_enabled":true,"_links":{"self":[{"href":"https:\/\/zonaroja.com.mx\/index.php?rest_route=\/wp\/v2\/posts\/28477","targetHints":{"allow":["GET"]}}],"collection":[{"href":"https:\/\/zonaroja.com.mx\/index.php?rest_route=\/wp\/v2\/posts"}],"about":[{"href":"https:\/\/zonaroja.com.mx\/index.php?rest_route=\/wp\/v2\/types\/post"}],"author":[{"embeddable":true,"href":"https:\/\/zonaroja.com.mx\/index.php?rest_route=\/wp\/v2\/users\/2"}],"replies":[{"embeddable":true,"href":"https:\/\/zonaroja.com.mx\/index.php?rest_route=%2Fwp%2Fv2%2Fcomments&post=28477"}],"version-history":[{"count":1,"href":"https:\/\/zonaroja.com.mx\/index.php?rest_route=\/wp\/v2\/posts\/28477\/revisions"}],"predecessor-version":[{"id":28479,"href":"https:\/\/zonaroja.com.mx\/index.php?rest_route=\/wp\/v2\/posts\/28477\/revisions\/28479"}],"wp:featuredmedia":[{"embeddable":true,"href":"https:\/\/zonaroja.com.mx\/index.php?rest_route=\/wp\/v2\/media\/28478"}],"wp:attachment":[{"href":"https:\/\/zonaroja.com.mx\/index.php?rest_route=%2Fwp%2Fv2%2Fmedia&parent=28477"}],"wp:term":[{"taxonomy":"category","embeddable":true,"href":"https:\/\/zonaroja.com.mx\/index.php?rest_route=%2Fwp%2Fv2%2Fcategories&post=28477"},{"taxonomy":"post_tag","embeddable":true,"href":"https:\/\/zonaroja.com.mx\/index.php?rest_route=%2Fwp%2Fv2%2Ftags&post=28477"}],"curies":[{"name":"wp","href":"https:\/\/api.w.org\/{rel}","templated":true}]}}