{"id":2848,"date":"2019-08-05T21:32:33","date_gmt":"2019-08-06T02:32:33","guid":{"rendered":"http:\/\/www.zonaroja.com.mx\/?p=2848"},"modified":"2019-08-05T21:32:36","modified_gmt":"2019-08-06T02:32:36","slug":"presunto-integrante-de-los-antrax-ya-habia-sido-detenido-fue-liberado-por-falta-de-pruebas","status":"publish","type":"post","link":"https:\/\/zonaroja.com.mx\/?p=2848","title":{"rendered":"Presunto integrante de los \u201c\u00c1ntrax\u201d ya hab\u00eda sido detenido; fue liberado por falta de pruebas"},"content":{"rendered":"\n<p>Redacci\u00f3n\/Zona\nRoja.<\/p>\n\n\n\n<p>Oaxaca de\nJu\u00e1rez, Oax., 5 de agosto de 2019.- El supuesto integrante de una c\u00e9lula\ncriminal de los \u201cAntrax\u201d, Eduardo G. V., detenido este fin de semana en el\nIstmo, ya hab\u00eda sido aprehendido y sometido a proceso, pero puesto en libertad\ndebido a que el juez de la causa consider\u00f3 que la Fiscal\u00eda General del Estado\nno present\u00f3 las pruebas suficientes para dictarle sentencia.<\/p>\n\n\n\n<p>Quien\ntambi\u00e9n es conocido como \u201cEl Tartamudo\u201d fue detenido en inmediaciones de Santa\nMar\u00eda Petapa y no en Juchit\u00e1n, como se dio a conocer ayer; habr\u00eda sido detenido\n\u00fanicamente por portaci\u00f3n ilegal de arma de fuego y se le acusar\u00eda de participar\nen la masacre perpetrada en ese municipio istme\u00f1o.<\/p>\n\n\n\n<p>Eduardo G.\nV. fue aprehendido por primera vez en la primera semana de mayo acusado de\nasesinad al profesor Omar Reyes Antonio, en Santa Mar\u00eda Petapa, crimen\nperpetrado el 14 de marzo pasado; por este hecho a\u00fan hay tres procesados.<\/p>\n\n\n\n<p>Sin embargo,\nen el caso del supuesto integrante de una c\u00e9lula del crimen organizado, fue\nabsuelto a finales de mayo debido a que el Ministerio P\u00fablico no aport\u00f3 las\nsuficientes pruebas de que hubiera participado en el crimen.<\/p>\n\n\n\n<p>Eduardo G.\nV., habr\u00eda sido detenido el s\u00e1bado por la noche en calles de Petapa por\nelementos de la Agencia Estatal de Investigaciones, y no por integrantes de la\nGuardia Nacional, quienes efectuaban b\u00fasqueda de probables implicados en la\nmasacre de siete personas el domingo 28 de julio anterior.<\/p>\n","protected":false},"excerpt":{"rendered":"<p>Redacci\u00f3n\/Zona Roja. Oaxaca de Ju\u00e1rez, Oax., 5 de agosto de 2019.- El supuesto integrante de&hellip;<\/p>\n","protected":false},"author":2,"featured_media":2849,"comment_status":"closed","ping_status":"open","sticky":false,"template":"","format":"standard","meta":{"_lmt_disableupdate":"","_lmt_disable":"","_jetpack_memberships_contains_paid_content":false,"footnotes":""},"categories":[109,51],"tags":[],"class_list":["post-2848","post","type-post","status-publish","format-standard","has-post-thumbnail","hentry","category-minuto-a-minuto","category-zona-roja"],"jetpack_featured_media_url":"https:\/\/zonaroja.com.mx\/wp-content\/uploads\/2019\/08\/IMG_5999.jpg","jetpack_sharing_enabled":true,"_links":{"self":[{"href":"https:\/\/zonaroja.com.mx\/index.php?rest_route=\/wp\/v2\/posts\/2848","targetHints":{"allow":["GET"]}}],"collection":[{"href":"https:\/\/zonaroja.com.mx\/index.php?rest_route=\/wp\/v2\/posts"}],"about":[{"href":"https:\/\/zonaroja.com.mx\/index.php?rest_route=\/wp\/v2\/types\/post"}],"author":[{"embeddable":true,"href":"https:\/\/zonaroja.com.mx\/index.php?rest_route=\/wp\/v2\/users\/2"}],"replies":[{"embeddable":true,"href":"https:\/\/zonaroja.com.mx\/index.php?rest_route=%2Fwp%2Fv2%2Fcomments&post=2848"}],"version-history":[{"count":1,"href":"https:\/\/zonaroja.com.mx\/index.php?rest_route=\/wp\/v2\/posts\/2848\/revisions"}],"predecessor-version":[{"id":2850,"href":"https:\/\/zonaroja.com.mx\/index.php?rest_route=\/wp\/v2\/posts\/2848\/revisions\/2850"}],"wp:featuredmedia":[{"embeddable":true,"href":"https:\/\/zonaroja.com.mx\/index.php?rest_route=\/wp\/v2\/media\/2849"}],"wp:attachment":[{"href":"https:\/\/zonaroja.com.mx\/index.php?rest_route=%2Fwp%2Fv2%2Fmedia&parent=2848"}],"wp:term":[{"taxonomy":"category","embeddable":true,"href":"https:\/\/zonaroja.com.mx\/index.php?rest_route=%2Fwp%2Fv2%2Fcategories&post=2848"},{"taxonomy":"post_tag","embeddable":true,"href":"https:\/\/zonaroja.com.mx\/index.php?rest_route=%2Fwp%2Fv2%2Ftags&post=2848"}],"curies":[{"name":"wp","href":"https:\/\/api.w.org\/{rel}","templated":true}]}}