{"id":28487,"date":"2021-06-13T07:36:31","date_gmt":"2021-06-13T12:36:31","guid":{"rendered":"http:\/\/www.zonaroja.com.mx\/?p=28487"},"modified":"2021-06-13T07:36:34","modified_gmt":"2021-06-13T12:36:34","slug":"paridad-simulada-en-gobierno-de-oaxaca-piden-revisar-designaciones","status":"publish","type":"post","link":"https:\/\/zonaroja.com.mx\/?p=28487","title":{"rendered":"Paridad simulada en gobierno de Oaxaca; piden revisar designaciones"},"content":{"rendered":"\n<p>Evlin Arag\u00f3n\/Zona Roja.<\/p>\n\n\n\n<p>Oaxaca de Ju\u00e1rez, Oax., 13 de junio de 2021.- Las recientes designaciones de funcionarios en el gobierno de Oaxaca, realizadas por el mandatario Alejandro Murat Hinojosa, representa una forma institucional y simb\u00f3lica de ejercer violencia de g\u00e9nero, toda vez que en ninguna fue propuesta una mujer, para ejercer el servicio p\u00fablico.&nbsp;<\/p>\n\n\n\n<p>As\u00ed lo expuso el diputado local C\u00e9sar Morales Ni\u00f1o, quien lament\u00f3 que se siga excluyendo a las mujeres de las \u00e1reas de toma de decisiones, y se siga haciendo m\u00e1s desproporcional la integraci\u00f3n de hombres, en comparaci\u00f3n con las mujeres dentro del gabinete de la administraci\u00f3n estatal.<\/p>\n\n\n\n<p>Y es que, en d\u00edas pasados, el gobernador design\u00f3 al frente de la Secretar\u00eda de Bienestar, a Rub\u00e9n Vasconcelos M\u00e9ndez; en la Secretar\u00eda de Movilidad, a Arturo Eleazar L\u00f3pez Sorroza, y en la Coordinaci\u00f3n General de Unidades M\u00f3viles, a Jos\u00e9 Esteban Medina Casanova.<\/p>\n\n\n\n<p>Previo a las elecciones, las dos secretar\u00edas eran ocupadas por mujeres, de ah\u00ed que las sustituciones debieron considerar el g\u00e9nero, ya que la designaci\u00f3n \u00fanicamente de varones representa un retroceso.&nbsp;<\/p>\n\n\n\n<p>\u201cLos espacios dentro del gabinete que eran ocupados por mujeres, ahora ser\u00e1n ocupados por hombres, es decir la lucha social que han emprendido las mujeres, los reclamos por alcanzar la paridad y la igualdad sustantiva, no fueron escuchados y se impuso la voluntad discrecional del gobernador\u201d, expuso el diputado en tribuna.&nbsp;<\/p>\n\n\n\n<p>Explic\u00f3 que la actitud de excluir mujeres en las designaciones de puestos de toma de decisiones no es nueva por parte del gobernador, as\u00ed quedo de manifest\u00f3 en, la tambi\u00e9n reciente, designaci\u00f3n de Mois\u00e9s Molina Reyes y a Abraham Soriano Reyes, como magistrados del Tribunal Superior de Justicia.&nbsp;<\/p>\n\n\n\n<p>Con dichas decisiones, quedan subrepresentadas las mujeres y se vulnera el principio de la paridad en todo, representando un claro acto de misoginia pol\u00edtica, discriminaci\u00f3n en raz\u00f3n de g\u00e9nero y una actitud de exclusi\u00f3n sistem\u00e1tica de las mujeres de la esfera p\u00fablica.&nbsp;<\/p>\n\n\n\n<p>Por lo anterior, present\u00f3 un Punto de Acuerdo y exhorto para que el Gobernador del Estado revise los recientes nombramientos de su gabinete y haga los ajustes correspondientes, ya que ha violado el principio de la paridad en todo, al designar a tres hombres y a ninguna mujer, en los puestos vacantes.&nbsp;<\/p>\n\n\n\n<p>Dicha propuesta dijo, tiene como finalidad acompa\u00f1ar la lucha social de las mujeres para alcanzar la igualdad sustantiva, visibilizar los actos de exclusi\u00f3n y discriminaci\u00f3n pol\u00edtica en su contra, y acabar con la desigualdad en la integraci\u00f3n de espacios p\u00fablicos.<\/p>\n\n\n\n<p>\u201cQue quede claro, M\u00e9xico ya cambi\u00f3, Oaxaca debe cambiar y se debe erradicar la misoginia pol\u00edtica, el Gobernador debe entender que sin mujeres no se puede construir un Estado democr\u00e1tico\u201d, sentenci\u00f3.&nbsp;<\/p>\n","protected":false},"excerpt":{"rendered":"<p>Evlin Arag\u00f3n\/Zona Roja. Oaxaca de Ju\u00e1rez, Oax., 13 de junio de 2021.- Las recientes designaciones&hellip;<\/p>\n","protected":false},"author":2,"featured_media":28488,"comment_status":"closed","ping_status":"open","sticky":false,"template":"","format":"standard","meta":{"_lmt_disableupdate":"","_lmt_disable":"","_jetpack_memberships_contains_paid_content":false,"footnotes":""},"categories":[109,46],"tags":[612],"class_list":["post-28487","post","type-post","status-publish","format-standard","has-post-thumbnail","hentry","category-minuto-a-minuto","category-zona-blanca","tag-cesar-morales-nino"],"jetpack_featured_media_url":"https:\/\/zonaroja.com.mx\/wp-content\/uploads\/2021\/06\/Cesar-Morales-2.jpg","jetpack_sharing_enabled":true,"_links":{"self":[{"href":"https:\/\/zonaroja.com.mx\/index.php?rest_route=\/wp\/v2\/posts\/28487","targetHints":{"allow":["GET"]}}],"collection":[{"href":"https:\/\/zonaroja.com.mx\/index.php?rest_route=\/wp\/v2\/posts"}],"about":[{"href":"https:\/\/zonaroja.com.mx\/index.php?rest_route=\/wp\/v2\/types\/post"}],"author":[{"embeddable":true,"href":"https:\/\/zonaroja.com.mx\/index.php?rest_route=\/wp\/v2\/users\/2"}],"replies":[{"embeddable":true,"href":"https:\/\/zonaroja.com.mx\/index.php?rest_route=%2Fwp%2Fv2%2Fcomments&post=28487"}],"version-history":[{"count":1,"href":"https:\/\/zonaroja.com.mx\/index.php?rest_route=\/wp\/v2\/posts\/28487\/revisions"}],"predecessor-version":[{"id":28489,"href":"https:\/\/zonaroja.com.mx\/index.php?rest_route=\/wp\/v2\/posts\/28487\/revisions\/28489"}],"wp:featuredmedia":[{"embeddable":true,"href":"https:\/\/zonaroja.com.mx\/index.php?rest_route=\/wp\/v2\/media\/28488"}],"wp:attachment":[{"href":"https:\/\/zonaroja.com.mx\/index.php?rest_route=%2Fwp%2Fv2%2Fmedia&parent=28487"}],"wp:term":[{"taxonomy":"category","embeddable":true,"href":"https:\/\/zonaroja.com.mx\/index.php?rest_route=%2Fwp%2Fv2%2Fcategories&post=28487"},{"taxonomy":"post_tag","embeddable":true,"href":"https:\/\/zonaroja.com.mx\/index.php?rest_route=%2Fwp%2Fv2%2Ftags&post=28487"}],"curies":[{"name":"wp","href":"https:\/\/api.w.org\/{rel}","templated":true}]}}