{"id":28492,"date":"2021-06-13T08:26:05","date_gmt":"2021-06-13T13:26:05","guid":{"rendered":"http:\/\/www.zonaroja.com.mx\/?p=28492"},"modified":"2021-06-13T08:26:09","modified_gmt":"2021-06-13T13:26:09","slug":"regresa-seccion-22-a-las-calles-este-lunes-pero-no-a-las-aulas","status":"publish","type":"post","link":"https:\/\/zonaroja.com.mx\/?p=28492","title":{"rendered":"Regresa Secci\u00f3n 22 a las calles este lunes\u2026 pero no a las aulas"},"content":{"rendered":"\n<p>Ismael Garc\u00eda M.\/Zona Roja.<\/p>\n\n\n\n<p>Oaxaca de Ju\u00e1rez, Oax., 13 de junio de 2021.- La Secci\u00f3n 22 del SNTE se resiste a regresar a las aulas a clases presenciales, pero sale masivamente a las calles, a partir de este lunes.<\/p>\n\n\n\n<p>En el marco del 15 aniversario del desalojo magisterial por parte de polic\u00edas al mando de Ulises Ruiz Ortiz, efectuar\u00e1 una marcha de la fuente de las Ocho Regiones hacia el z\u00f3calo, a partir de las 09:00 del \u201chorario de la resistencia\u201d.<\/p>\n\n\n\n<p>Para ello, el Comit\u00e9 Ejecutivo Seccional, que a\u00fan encabeza Eloy L\u00f3pez Mart\u00ednez, convoc\u00f3 a integrantes de los organismos internos y a dos trabajadores por delegaci\u00f3n sindical y uno por cada centro de trabajo.<\/p>\n\n\n\n<p>\u201c\u00a1C\u00e1rcel para Ulises Ruiz Ortiz y camarilla! \u00a1Alto a la criminalizaci\u00f3n de la protesta social! \u00a1No a la impunidad oficial!\u201d, las consignas.<\/p>\n\n\n\n<p>En ese marco, tambi\u00e9n este lunes 14 de junio efectuar\u00e1 su primera Asamblea Estatal, luego de m\u00e1s de un a\u00f1o de no efectuarla, debido a la pandemia por Covid-19.<\/p>\n\n\n\n<p>La cita en este caso es a las 12:00 del \u201chorario de la resistencia\u201d en la Escuela Secundaria T\u00e9cnica 108 ubicada en la agencia de Santa Rosa Panzacola, ciudad de Oaxaca.<\/p>\n\n\n\n<p>Ah\u00ed prev\u00e9n determinar el proceso de cambio del Comit\u00e9 Ejecutivo Seccional, pues el plazo de la actual dirigencia feneci\u00f3 en enero pasado.<\/p>\n\n\n\n<p>Apenas el pasado 5 de junio, la Coordinadora Nacional de Trabajadores de la Educaci\u00f3n (CNTE), de la que forma parte la Secci\u00f3n 22, reiter\u00f3 su rechazo al regreso presencial a clases.<\/p>\n\n\n\n<p>Tras efectuar una consulta, argument\u00f3 que no existen condiciones para ello. A nivel nacional y en la mayor\u00eda de las entidades del pa\u00eds, desde el pasado lunes comenz\u00f3 el retorno a las aulas.<\/p>\n\n\n\n<p>Apenas este s\u00e1bado, la Secci\u00f3n 22 efectu\u00f3 su segunda Asamblea Plenaria del a\u00f1o, en este \u00faltimo caso, en que concret\u00f3 llamar a una Asamblea Estatal.<\/p>\n","protected":false},"excerpt":{"rendered":"<p>Ismael Garc\u00eda M.\/Zona Roja. Oaxaca de Ju\u00e1rez, Oax., 13 de junio de 2021.- La Secci\u00f3n&hellip;<\/p>\n","protected":false},"author":2,"featured_media":28493,"comment_status":"closed","ping_status":"open","sticky":false,"template":"","format":"standard","meta":{"_lmt_disableupdate":"","_lmt_disable":"","_jetpack_memberships_contains_paid_content":false,"footnotes":""},"categories":[109,47],"tags":[312],"class_list":["post-28492","post","type-post","status-publish","format-standard","has-post-thumbnail","hentry","category-minuto-a-minuto","category-zona-gris","tag-seccion-22-del-snte"],"jetpack_featured_media_url":"https:\/\/zonaroja.com.mx\/wp-content\/uploads\/2021\/06\/Asamblea-Seccion-22.jpg","jetpack_sharing_enabled":true,"_links":{"self":[{"href":"https:\/\/zonaroja.com.mx\/index.php?rest_route=\/wp\/v2\/posts\/28492","targetHints":{"allow":["GET"]}}],"collection":[{"href":"https:\/\/zonaroja.com.mx\/index.php?rest_route=\/wp\/v2\/posts"}],"about":[{"href":"https:\/\/zonaroja.com.mx\/index.php?rest_route=\/wp\/v2\/types\/post"}],"author":[{"embeddable":true,"href":"https:\/\/zonaroja.com.mx\/index.php?rest_route=\/wp\/v2\/users\/2"}],"replies":[{"embeddable":true,"href":"https:\/\/zonaroja.com.mx\/index.php?rest_route=%2Fwp%2Fv2%2Fcomments&post=28492"}],"version-history":[{"count":1,"href":"https:\/\/zonaroja.com.mx\/index.php?rest_route=\/wp\/v2\/posts\/28492\/revisions"}],"predecessor-version":[{"id":28494,"href":"https:\/\/zonaroja.com.mx\/index.php?rest_route=\/wp\/v2\/posts\/28492\/revisions\/28494"}],"wp:featuredmedia":[{"embeddable":true,"href":"https:\/\/zonaroja.com.mx\/index.php?rest_route=\/wp\/v2\/media\/28493"}],"wp:attachment":[{"href":"https:\/\/zonaroja.com.mx\/index.php?rest_route=%2Fwp%2Fv2%2Fmedia&parent=28492"}],"wp:term":[{"taxonomy":"category","embeddable":true,"href":"https:\/\/zonaroja.com.mx\/index.php?rest_route=%2Fwp%2Fv2%2Fcategories&post=28492"},{"taxonomy":"post_tag","embeddable":true,"href":"https:\/\/zonaroja.com.mx\/index.php?rest_route=%2Fwp%2Fv2%2Ftags&post=28492"}],"curies":[{"name":"wp","href":"https:\/\/api.w.org\/{rel}","templated":true}]}}